{"id":138251,"date":"2022-01-11T12:25:00","date_gmt":"2022-01-11T17:25:00","guid":{"rendered":"https:\/\/linitiative.ca\/International\/abdelmajid-frej-lancien-gouverneur-mohamed-el-beji-hamda-dune-exactitude-coupant-le-souffle\/"},"modified":"2022-01-11T12:25:00","modified_gmt":"2022-01-11T17:25:00","slug":"abdelmajid-frej-lancien-gouverneur-mohamed-el-beji-hamda-dune-exactitude-coupant-le-souffle","status":"publish","type":"post","link":"https:\/\/linitiative.ca\/International\/abdelmajid-frej-lancien-gouverneur-mohamed-el-beji-hamda-dune-exactitude-coupant-le-souffle\/","title":{"rendered":"Abdelmajid Frej &#8211; L\u2019ancien gouverneur Mohamed El B\u00e9ji Hamda, d\u2019une exactitude coupant le souffle"},"content":{"rendered":"<div><img decoding=\"async\" src=\"https:\/\/linitiative.ca\/International\/wp-content\/uploads\/sites\/23\/2022\/01\/1641918873_article.jpg\" alt=\"Abdelmajid Frej - L\u2019ancien gouverneur Mohamed El B\u00e9ji Hamda, d\u2019une exactitude coupant le souffle\" align=\"left\">Il avait d\u00e9tenu, apr\u00e8s le fondateur H\u00e9di Nouira, le record de long\u00e9vit\u00e9 \u00e0 la t\u00eate de la Banque centrale de Tunisie (11 ans, de 1990 \u00e0 2001) et y a laiss\u00e9 son empreinte. Mohamed El B\u00e9ji Hamda vient de nous quitter \u00e0 l\u2019\u00e2ge de 88 ans. Natif de Ras Jebel (dont il sera le maire) le 26 mai 1934, cet \u00e9conomiste de formation a fait d\u00e8s son retour de Paris, toute sa carri\u00e8re dans la banque. C\u2019est ainsi que gravissant les \u00e9chelons, un \u00e0 un an, il sera notamment PDG de la BNA, puis de la STB, avant de diriger l\u2019UTB \u00e0 Paris (1984 \u2013 1988). Mohamed El Hamda B\u00e9ji sera nomm\u00e9 en 1988, vice-gouverneur de la Banque centrale de Tunisie alors dirig\u00e9e par Ismail Khelil. Le 3 mars &#8230;<\/p>\n<\/div>\n<p>Auteur:<br \/>\n<a href=\"https:\/\/www.leaders.com.tn\/article\/32853-abdelmajid-frej-l-ancien-gouverneur-mohamed-el-beji-hamda-d-une-exactitude-coupant-le-souffle\">Cliquez ici pour lire l&rsquo;article depuis sa source.<\/a><\/p>\n","protected":false},"excerpt":{"rendered":"<p>Il avait d\u00e9tenu, apr\u00e8s le fondateur H\u00e9di Nouira, le record de long\u00e9vit\u00e9 \u00e0 la t\u00eate de la Banque centrale de Tunisie (11 ans, de 1990 \u00e0 2001) et y a laiss\u00e9 son empreinte. Mohamed El B\u00e9ji Hamda vient de nous quitter \u00e0 l\u2019\u00e2ge de 88 ans. Natif de Ras Jebel (dont il sera le maire) [&hellip;]<\/p>\n","protected":false},"author":1772,"featured_media":0,"comment_status":"closed","ping_status":"closed","sticky":false,"template":"","format":"standard","meta":{"fifu_image_url":"http:\/\/www.leaders.com.tn\/uploads\/content\/thumbnails_small\/1641918873_article.jpg","fifu_image_alt":"Abdelmajid Frej - L\u2019ancien gouverneur Mohamed El B\u00e9ji Hamda, d\u2019une exactitude coupant le souffle","footnotes":""},"categories":[73,55],"tags":[],"class_list":["post-138251","post","type-post","status-publish","format-standard","hentry","category-actualite","category-tunisie"],"_links":{"self":[{"href":"https:\/\/linitiative.ca\/International\/wp-json\/wp\/v2\/posts\/138251","targetHints":{"allow":["GET"]}}],"collection":[{"href":"https:\/\/linitiative.ca\/International\/wp-json\/wp\/v2\/posts"}],"about":[{"href":"https:\/\/linitiative.ca\/International\/wp-json\/wp\/v2\/types\/post"}],"author":[{"embeddable":true,"href":"https:\/\/linitiative.ca\/International\/wp-json\/wp\/v2\/users\/1772"}],"replies":[{"embeddable":true,"href":"https:\/\/linitiative.ca\/International\/wp-json\/wp\/v2\/comments?post=138251"}],"version-history":[{"count":0,"href":"https:\/\/linitiative.ca\/International\/wp-json\/wp\/v2\/posts\/138251\/revisions"}],"wp:attachment":[{"href":"https:\/\/linitiative.ca\/International\/wp-json\/wp\/v2\/media?parent=138251"}],"wp:term":[{"taxonomy":"category","embeddable":true,"href":"https:\/\/linitiative.ca\/International\/wp-json\/wp\/v2\/categories?post=138251"},{"taxonomy":"post_tag","embeddable":true,"href":"https:\/\/linitiative.ca\/International\/wp-json\/wp\/v2\/tags?post=138251"}],"curies":[{"name":"wp","href":"https:\/\/api.w.org\/{rel}","templated":true}]}}