{"id":138256,"date":"2022-01-11T05:00:00","date_gmt":"2022-01-11T10:00:00","guid":{"rendered":"https:\/\/linitiative.ca\/International\/etude-dimpact\/"},"modified":"2022-01-11T05:00:00","modified_gmt":"2022-01-11T10:00:00","slug":"etude-dimpact","status":"publish","type":"post","link":"https:\/\/linitiative.ca\/International\/etude-dimpact\/","title":{"rendered":"\u00c9tude d&rsquo;impact"},"content":{"rendered":"<div>Apr\u00e8s deux ann\u00e9es de gestion de la pand\u00e9mie de Covid-19, le minist\u00e8re de la Sant\u00e9 s&rsquo;int\u00e9resse \u00e0 l&rsquo;impact de la communication sur le comportement des Alg\u00e9riens vis-\u00e0-vis du virus. Il a confi\u00e9 \u00e0 une \u00e9quipe du<\/div>\n<p>Auteur:<br \/>\n<a href=\"https:\/\/www.lesoirdalgerie.com\/periscoop\/etude-dimpact-73511\">Cliquez ici pour lire l&rsquo;article depuis sa source.<\/a><\/p>\n","protected":false},"excerpt":{"rendered":"<p>Apr\u00e8s deux ann\u00e9es de gestion de la pand\u00e9mie de Covid-19, le minist\u00e8re de la Sant\u00e9 s&rsquo;int\u00e9resse \u00e0 l&rsquo;impact de la communication sur le comportement des Alg\u00e9riens vis-\u00e0-vis du virus. Il a confi\u00e9 \u00e0 une \u00e9quipe du Auteur: Cliquez ici pour lire l&rsquo;article depuis sa source.<\/p>\n","protected":false},"author":1741,"featured_media":0,"comment_status":"closed","ping_status":"closed","sticky":false,"template":"","format":"standard","meta":{"fifu_image_url":"","fifu_image_alt":"","footnotes":""},"categories":[73,53],"tags":[],"class_list":["post-138256","post","type-post","status-publish","format-standard","hentry","category-actualite","category-algerie"],"_links":{"self":[{"href":"https:\/\/linitiative.ca\/International\/wp-json\/wp\/v2\/posts\/138256","targetHints":{"allow":["GET"]}}],"collection":[{"href":"https:\/\/linitiative.ca\/International\/wp-json\/wp\/v2\/posts"}],"about":[{"href":"https:\/\/linitiative.ca\/International\/wp-json\/wp\/v2\/types\/post"}],"author":[{"embeddable":true,"href":"https:\/\/linitiative.ca\/International\/wp-json\/wp\/v2\/users\/1741"}],"replies":[{"embeddable":true,"href":"https:\/\/linitiative.ca\/International\/wp-json\/wp\/v2\/comments?post=138256"}],"version-history":[{"count":0,"href":"https:\/\/linitiative.ca\/International\/wp-json\/wp\/v2\/posts\/138256\/revisions"}],"wp:attachment":[{"href":"https:\/\/linitiative.ca\/International\/wp-json\/wp\/v2\/media?parent=138256"}],"wp:term":[{"taxonomy":"category","embeddable":true,"href":"https:\/\/linitiative.ca\/International\/wp-json\/wp\/v2\/categories?post=138256"},{"taxonomy":"post_tag","embeddable":true,"href":"https:\/\/linitiative.ca\/International\/wp-json\/wp\/v2\/tags?post=138256"}],"curies":[{"name":"wp","href":"https:\/\/api.w.org\/{rel}","templated":true}]}}