{"id":138260,"date":"2022-01-11T09:44:09","date_gmt":"2022-01-11T14:44:09","guid":{"rendered":"https:\/\/linitiative.ca\/International\/oms-plus-de-la-moitie-des-europeens-pourraient-etre-touches-par-le-variant-omicron-dici-deux-mois\/"},"modified":"2022-01-11T09:44:09","modified_gmt":"2022-01-11T14:44:09","slug":"oms-plus-de-la-moitie-des-europeens-pourraient-etre-touches-par-le-variant-omicron-dici-deux-mois","status":"publish","type":"post","link":"https:\/\/linitiative.ca\/International\/oms-plus-de-la-moitie-des-europeens-pourraient-etre-touches-par-le-variant-omicron-dici-deux-mois\/","title":{"rendered":"OMS: Plus de la moiti\u00e9 des Europ\u00e9ens pourraient \u00eatre touch\u00e9s par le variant Omicron d\u2019ici deux mois"},"content":{"rendered":"<div><img decoding=\"async\" width=\"1000\" height=\"500\" src=\"https:\/\/linitiative.ca\/International\/wp-content\/uploads\/sites\/23\/2022\/01\/coviiiii.jpg\" class=\"attachment-post-thumbnail size-post-thumbnail wp-post-image\" alt=\"\" loading=\"lazy\" srcset=\"https:\/\/linitiative.ca\/International\/wp-content\/uploads\/sites\/23\/2022\/01\/coviiiii.jpg 1000w, https:\/\/www.challenge.ma\/wp-content\/uploads\/2022\/01\/coviiiii-300x150.jpg 300w, https:\/\/www.challenge.ma\/wp-content\/uploads\/2022\/01\/coviiiii-768x384.jpg 768w, https:\/\/www.challenge.ma\/wp-content\/uploads\/2022\/01\/coviiiii-360x180.jpg 360w, https:\/\/www.challenge.ma\/wp-content\/uploads\/2022\/01\/coviiiii-750x375.jpg 750w\" sizes=\"auto, (max-width: 1000px) 100vw, 1000px\" itemprop=\"image\">Au rythme actuel de contamination, le variant, plus contagieux mais moins dangereux que Delta, pourrait toucher rapidement la moiti\u00e9 de la population du Vieux continent. Plus de la moiti\u00e9 des Europ\u00e9ens pourraient \u00eatre touch\u00e9s par le variant Omicron d\u2019ici deux mois au vu du \u00abraz de mar\u00e9e\u00bb actuel, a estim\u00e9<\/div>\n<p>Auteur: challenge<br \/>\n<a href=\"https:\/\/www.challenge.ma\/oms-plus-de-la-moitie-des-europeens-pourraient-etre-touches-par-le-variant-omicron-dici-deux-mois-230464\/\">Cliquez ici pour lire l&rsquo;article depuis sa source.<\/a><\/p>\n","protected":false},"excerpt":{"rendered":"<p>Au rythme actuel de contamination, le variant, plus contagieux mais moins dangereux que Delta, pourrait toucher rapidement la moiti\u00e9 de la population du Vieux continent. Plus de la moiti\u00e9 des Europ\u00e9ens pourraient \u00eatre touch\u00e9s par le variant Omicron d\u2019ici deux mois au vu du \u00abraz de mar\u00e9e\u00bb actuel, a estim\u00e9 Auteur: challenge Cliquez ici pour [&hellip;]<\/p>\n","protected":false},"author":1787,"featured_media":0,"comment_status":"closed","ping_status":"closed","sticky":false,"template":"","format":"standard","meta":{"fifu_image_url":"https:\/\/www.challenge.ma\/wp-content\/uploads\/2022\/01\/coviiiii.jpg","fifu_image_alt":"OMS: Plus de la moiti\u00e9 des Europ\u00e9ens pourraient \u00eatre touch\u00e9s par le variant Omicron d\u2019ici deux mois","footnotes":""},"categories":[78,54],"tags":[],"class_list":["post-138260","post","type-post","status-publish","format-standard","hentry","category-economie","category-maroc"],"_links":{"self":[{"href":"https:\/\/linitiative.ca\/International\/wp-json\/wp\/v2\/posts\/138260","targetHints":{"allow":["GET"]}}],"collection":[{"href":"https:\/\/linitiative.ca\/International\/wp-json\/wp\/v2\/posts"}],"about":[{"href":"https:\/\/linitiative.ca\/International\/wp-json\/wp\/v2\/types\/post"}],"author":[{"embeddable":true,"href":"https:\/\/linitiative.ca\/International\/wp-json\/wp\/v2\/users\/1787"}],"replies":[{"embeddable":true,"href":"https:\/\/linitiative.ca\/International\/wp-json\/wp\/v2\/comments?post=138260"}],"version-history":[{"count":0,"href":"https:\/\/linitiative.ca\/International\/wp-json\/wp\/v2\/posts\/138260\/revisions"}],"wp:attachment":[{"href":"https:\/\/linitiative.ca\/International\/wp-json\/wp\/v2\/media?parent=138260"}],"wp:term":[{"taxonomy":"category","embeddable":true,"href":"https:\/\/linitiative.ca\/International\/wp-json\/wp\/v2\/categories?post=138260"},{"taxonomy":"post_tag","embeddable":true,"href":"https:\/\/linitiative.ca\/International\/wp-json\/wp\/v2\/tags?post=138260"}],"curies":[{"name":"wp","href":"https:\/\/api.w.org\/{rel}","templated":true}]}}