{"id":138264,"date":"2022-01-11T10:22:23","date_gmt":"2022-01-11T15:22:23","guid":{"rendered":"https:\/\/linitiative.ca\/International\/oms-il-est-encore-trop-tot-pour-considerer-le-covid-comme-une-grippe-saisonniere\/"},"modified":"2022-01-11T10:22:23","modified_gmt":"2022-01-11T15:22:23","slug":"oms-il-est-encore-trop-tot-pour-considerer-le-covid-comme-une-grippe-saisonniere","status":"publish","type":"post","link":"https:\/\/linitiative.ca\/International\/oms-il-est-encore-trop-tot-pour-considerer-le-covid-comme-une-grippe-saisonniere\/","title":{"rendered":"OMS. \u00ab\u00a0Il est encore trop t\u00f4t pour consid\u00e9rer le COVID comme une grippe saisonni\u00e8re\u00a0\u00bb"},"content":{"rendered":"<div><img decoding=\"async\" width=\"2000\" height=\"999\" src=\"https:\/\/linitiative.ca\/International\/wp-content\/uploads\/sites\/23\/2022\/01\/Variant-Omicron-Rabat-suspend-pour-deux-semaines-tous-les-vols-de-passagers-vers-le-Maroc.jpeg\" class=\"attachment-post-thumbnail size-post-thumbnail wp-post-image\" alt=\"\" loading=\"lazy\" srcset=\"https:\/\/linitiative.ca\/International\/wp-content\/uploads\/sites\/23\/2022\/01\/Variant-Omicron-Rabat-suspend-pour-deux-semaines-tous-les-vols-de-passagers-vers-le-Maroc.jpeg 2000w, https:\/\/www.challenge.ma\/wp-content\/uploads\/2022\/01\/Variant-Omicron-Rabat-suspend-pour-deux-semaines-tous-les-vols-de-passagers-vers-le-Maroc-300x150.jpeg 300w, https:\/\/www.challenge.ma\/wp-content\/uploads\/2022\/01\/Variant-Omicron-Rabat-suspend-pour-deux-semaines-tous-les-vols-de-passagers-vers-le-Maroc-1024x511.jpeg 1024w, https:\/\/www.challenge.ma\/wp-content\/uploads\/2022\/01\/Variant-Omicron-Rabat-suspend-pour-deux-semaines-tous-les-vols-de-passagers-vers-le-Maroc-768x384.jpeg 768w, https:\/\/www.challenge.ma\/wp-content\/uploads\/2022\/01\/Variant-Omicron-Rabat-suspend-pour-deux-semaines-tous-les-vols-de-passagers-vers-le-Maroc-1536x767.jpeg 1536w, https:\/\/www.challenge.ma\/wp-content\/uploads\/2022\/01\/Variant-Omicron-Rabat-suspend-pour-deux-semaines-tous-les-vols-de-passagers-vers-le-Maroc-360x180.jpeg 360w, https:\/\/www.challenge.ma\/wp-content\/uploads\/2022\/01\/Variant-Omicron-Rabat-suspend-pour-deux-semaines-tous-les-vols-de-passagers-vers-le-Maroc-750x375.jpeg 750w\" sizes=\"auto, (max-width: 2000px) 100vw, 2000px\" itemprop=\"image\">La variante Omicron du COVID-19 est en passe d\u2019infecter plus de la moiti\u00e9 des Europ\u00e9ens, mais elle ne doit pas encore \u00eatre consid\u00e9r\u00e9e comme une maladie end\u00e9mique de type grippal, a d\u00e9clar\u00e9 ce mardi l\u2019Organisation mondiale de la sant\u00e9 (OMS). L\u2019Europe a connu plus de 7 millions de cas nouvellement<\/div>\n<p>Auteur: Azeroual Siham<br \/>\n<a href=\"https:\/\/www.challenge.ma\/oms-il-est-encore-trop-tot-pour-considerer-le-covid-comme-une-grippe-saisonniere-230473\/\">Cliquez ici pour lire l&rsquo;article depuis sa source.<\/a><\/p>\n","protected":false},"excerpt":{"rendered":"<p>La variante Omicron du COVID-19 est en passe d\u2019infecter plus de la moiti\u00e9 des Europ\u00e9ens, mais elle ne doit pas encore \u00eatre consid\u00e9r\u00e9e comme une maladie end\u00e9mique de type grippal, a d\u00e9clar\u00e9 ce mardi l\u2019Organisation mondiale de la sant\u00e9 (OMS). L\u2019Europe a connu plus de 7 millions de cas nouvellement Auteur: Azeroual Siham Cliquez ici [&hellip;]<\/p>\n","protected":false},"author":1787,"featured_media":0,"comment_status":"closed","ping_status":"closed","sticky":false,"template":"","format":"standard","meta":{"fifu_image_url":"https:\/\/www.challenge.ma\/wp-content\/uploads\/2022\/01\/Variant-Omicron-Rabat-suspend-pour-deux-semaines-tous-les-vols-de-passagers-vers-le-Maroc.jpeg","fifu_image_alt":"OMS. \u00ab\u00a0Il est encore trop t\u00f4t pour consid\u00e9rer le COVID comme une grippe saisonni\u00e8re\u00a0\u00bb","footnotes":""},"categories":[78,54],"tags":[],"class_list":["post-138264","post","type-post","status-publish","format-standard","hentry","category-economie","category-maroc"],"_links":{"self":[{"href":"https:\/\/linitiative.ca\/International\/wp-json\/wp\/v2\/posts\/138264","targetHints":{"allow":["GET"]}}],"collection":[{"href":"https:\/\/linitiative.ca\/International\/wp-json\/wp\/v2\/posts"}],"about":[{"href":"https:\/\/linitiative.ca\/International\/wp-json\/wp\/v2\/types\/post"}],"author":[{"embeddable":true,"href":"https:\/\/linitiative.ca\/International\/wp-json\/wp\/v2\/users\/1787"}],"replies":[{"embeddable":true,"href":"https:\/\/linitiative.ca\/International\/wp-json\/wp\/v2\/comments?post=138264"}],"version-history":[{"count":0,"href":"https:\/\/linitiative.ca\/International\/wp-json\/wp\/v2\/posts\/138264\/revisions"}],"wp:attachment":[{"href":"https:\/\/linitiative.ca\/International\/wp-json\/wp\/v2\/media?parent=138264"}],"wp:term":[{"taxonomy":"category","embeddable":true,"href":"https:\/\/linitiative.ca\/International\/wp-json\/wp\/v2\/categories?post=138264"},{"taxonomy":"post_tag","embeddable":true,"href":"https:\/\/linitiative.ca\/International\/wp-json\/wp\/v2\/tags?post=138264"}],"curies":[{"name":"wp","href":"https:\/\/api.w.org\/{rel}","templated":true}]}}