{"id":138268,"date":"2022-01-11T15:36:14","date_gmt":"2022-01-11T20:36:14","guid":{"rendered":"https:\/\/linitiative.ca\/International\/tunisie-les-nations-unies-appellent-a-la-liberation-immediate-de-bhiri-et-baldi\/"},"modified":"2022-01-11T15:36:14","modified_gmt":"2022-01-11T20:36:14","slug":"tunisie-les-nations-unies-appellent-a-la-liberation-immediate-de-bhiri-et-baldi","status":"publish","type":"post","link":"https:\/\/linitiative.ca\/International\/tunisie-les-nations-unies-appellent-a-la-liberation-immediate-de-bhiri-et-baldi\/","title":{"rendered":"Tunisie \u2013 Les Nations Unies appellent \u00e0 la lib\u00e9ration imm\u00e9diate de Bhiri et Baldi"},"content":{"rendered":"<div>\n<p>La porte parole du Haut commissariat des droits de l\u2019homme aux Nations Unies, a publi\u00e9 un communiqu\u00e9 pour faire part es appr\u00e9hensions du haut commissariat des conditions des droits de l\u2019homme, en Tunisie, notamment, apr\u00e8s les \u00e9v\u00e8nements qu\u2019a v\u00e9cu le pays, le mois dernier. Le haut commissariat appelle \u00e0 la lib\u00e9ration imm\u00e9diate des dirigeants d\u2019Ennahdha, [\u2026]<\/p>\n<p>L\u2019article <a href=\"https:\/\/www.tunisienumerique.com\/tunisie-les-nations-unies-appellent-a-la-liberation-immediate-de-bhiri-et-baldi\/\">Tunisie \u2013 Les Nations Unies appellent \u00e0 la lib\u00e9ration imm\u00e9diate de Bhiri et Baldi<\/a> est apparu en premier sur <a href=\"https:\/\/www.tunisienumerique.com\/\">Tunisie<\/a>.<\/p>\n<\/div>\n<p>Auteur: LM<br \/>\n<a href=\"https:\/\/www.tunisienumerique.com\/tunisie-les-nations-unies-appellent-a-la-liberation-immediate-de-bhiri-et-baldi\/\">Cliquez ici pour lire l&rsquo;article depuis sa source.<\/a><\/p>\n","protected":false},"excerpt":{"rendered":"<p>La porte parole du Haut commissariat des droits de l\u2019homme aux Nations Unies, a publi\u00e9 un communiqu\u00e9 pour faire part es appr\u00e9hensions du haut commissariat des conditions des droits de l\u2019homme, en Tunisie, notamment, apr\u00e8s les \u00e9v\u00e8nements qu\u2019a v\u00e9cu le pays, le mois dernier. Le haut commissariat appelle \u00e0 la lib\u00e9ration imm\u00e9diate des dirigeants d\u2019Ennahdha, [&hellip;]<\/p>\n","protected":false},"author":1789,"featured_media":0,"comment_status":"closed","ping_status":"closed","sticky":false,"template":"","format":"standard","meta":{"fifu_image_url":"","fifu_image_alt":"","footnotes":""},"categories":[73,55],"tags":[],"class_list":["post-138268","post","type-post","status-publish","format-standard","hentry","category-actualite","category-tunisie"],"_links":{"self":[{"href":"https:\/\/linitiative.ca\/International\/wp-json\/wp\/v2\/posts\/138268","targetHints":{"allow":["GET"]}}],"collection":[{"href":"https:\/\/linitiative.ca\/International\/wp-json\/wp\/v2\/posts"}],"about":[{"href":"https:\/\/linitiative.ca\/International\/wp-json\/wp\/v2\/types\/post"}],"author":[{"embeddable":true,"href":"https:\/\/linitiative.ca\/International\/wp-json\/wp\/v2\/users\/1789"}],"replies":[{"embeddable":true,"href":"https:\/\/linitiative.ca\/International\/wp-json\/wp\/v2\/comments?post=138268"}],"version-history":[{"count":0,"href":"https:\/\/linitiative.ca\/International\/wp-json\/wp\/v2\/posts\/138268\/revisions"}],"wp:attachment":[{"href":"https:\/\/linitiative.ca\/International\/wp-json\/wp\/v2\/media?parent=138268"}],"wp:term":[{"taxonomy":"category","embeddable":true,"href":"https:\/\/linitiative.ca\/International\/wp-json\/wp\/v2\/categories?post=138268"},{"taxonomy":"post_tag","embeddable":true,"href":"https:\/\/linitiative.ca\/International\/wp-json\/wp\/v2\/tags?post=138268"}],"curies":[{"name":"wp","href":"https:\/\/api.w.org\/{rel}","templated":true}]}}