{"id":138270,"date":"2022-01-11T16:25:06","date_gmt":"2022-01-11T21:25:06","guid":{"rendered":"https:\/\/linitiative.ca\/International\/tunisie-quattend-la-ministre-du-commerce-pour-arreter-le-massacre-de-leconomie-par-la-confrerie-et-son-sultan\/"},"modified":"2022-01-11T16:25:06","modified_gmt":"2022-01-11T21:25:06","slug":"tunisie-quattend-la-ministre-du-commerce-pour-arreter-le-massacre-de-leconomie-par-la-confrerie-et-son-sultan","status":"publish","type":"post","link":"https:\/\/linitiative.ca\/International\/tunisie-quattend-la-ministre-du-commerce-pour-arreter-le-massacre-de-leconomie-par-la-confrerie-et-son-sultan\/","title":{"rendered":"Tunisie \u2013 Qu\u2019attend la ministre du commerce pour arr\u00eater le massacre de l\u2019\u00e9conomie par la confr\u00e9rie et son sultan\u00a0?"},"content":{"rendered":"<div>\n<p>On ne compte plus les secteurs de l\u2019\u00e9conomie ou de l\u2019industrie tunisienne qui ont \u00e9t\u00e9 r\u00e9duits \u00e0 la faillite, \u00e0 cause des accords commerciaux entre les fr\u00e8res de Tunisie et leur Sultan Ottoman. Des accords qui ont conduit \u00e0 l\u2019envahissement du march\u00e9 tunisien de marchandises turques de tous genres, y compris les marchandises dont on [\u2026]<\/p>\n<p>L\u2019article <a href=\"https:\/\/www.tunisienumerique.com\/tunisie-quattend-la-ministre-du-commerce-pour-arreter-le-massacre-de-leconomie-par-la-confrerie-et-son-sultan\/\">Tunisie \u2013 Qu\u2019attend la ministre du commerce pour arr\u00eater le massacre de l\u2019\u00e9conomie par la confr\u00e9rie et son sultan\u00a0?<\/a> est apparu en premier sur <a href=\"https:\/\/www.tunisienumerique.com\/\">Tunisie<\/a>.<\/p>\n<\/div>\n<p>Auteur: Saber .<br \/>\n<a href=\"https:\/\/www.tunisienumerique.com\/tunisie-quattend-la-ministre-du-commerce-pour-arreter-le-massacre-de-leconomie-par-la-confrerie-et-son-sultan\/\">Cliquez ici pour lire l&rsquo;article depuis sa source.<\/a><\/p>\n","protected":false},"excerpt":{"rendered":"<p>On ne compte plus les secteurs de l\u2019\u00e9conomie ou de l\u2019industrie tunisienne qui ont \u00e9t\u00e9 r\u00e9duits \u00e0 la faillite, \u00e0 cause des accords commerciaux entre les fr\u00e8res de Tunisie et leur Sultan Ottoman. Des accords qui ont conduit \u00e0 l\u2019envahissement du march\u00e9 tunisien de marchandises turques de tous genres, y compris les marchandises dont on [&hellip;]<\/p>\n","protected":false},"author":1789,"featured_media":0,"comment_status":"closed","ping_status":"closed","sticky":false,"template":"","format":"standard","meta":{"fifu_image_url":"","fifu_image_alt":"","footnotes":""},"categories":[73,55],"tags":[],"class_list":["post-138270","post","type-post","status-publish","format-standard","hentry","category-actualite","category-tunisie"],"_links":{"self":[{"href":"https:\/\/linitiative.ca\/International\/wp-json\/wp\/v2\/posts\/138270","targetHints":{"allow":["GET"]}}],"collection":[{"href":"https:\/\/linitiative.ca\/International\/wp-json\/wp\/v2\/posts"}],"about":[{"href":"https:\/\/linitiative.ca\/International\/wp-json\/wp\/v2\/types\/post"}],"author":[{"embeddable":true,"href":"https:\/\/linitiative.ca\/International\/wp-json\/wp\/v2\/users\/1789"}],"replies":[{"embeddable":true,"href":"https:\/\/linitiative.ca\/International\/wp-json\/wp\/v2\/comments?post=138270"}],"version-history":[{"count":0,"href":"https:\/\/linitiative.ca\/International\/wp-json\/wp\/v2\/posts\/138270\/revisions"}],"wp:attachment":[{"href":"https:\/\/linitiative.ca\/International\/wp-json\/wp\/v2\/media?parent=138270"}],"wp:term":[{"taxonomy":"category","embeddable":true,"href":"https:\/\/linitiative.ca\/International\/wp-json\/wp\/v2\/categories?post=138270"},{"taxonomy":"post_tag","embeddable":true,"href":"https:\/\/linitiative.ca\/International\/wp-json\/wp\/v2\/tags?post=138270"}],"curies":[{"name":"wp","href":"https:\/\/api.w.org\/{rel}","templated":true}]}}