{"id":138273,"date":"2022-01-10T19:35:55","date_gmt":"2022-01-11T00:35:55","guid":{"rendered":"https:\/\/linitiative.ca\/International\/montee-des-couleurs-a-la-primature-un-symbole-fort-selon-lassina-zerbo\/"},"modified":"2022-01-10T19:35:55","modified_gmt":"2022-01-11T00:35:55","slug":"montee-des-couleurs-a-la-primature-un-symbole-fort-selon-lassina-zerbo","status":"publish","type":"post","link":"https:\/\/linitiative.ca\/International\/montee-des-couleurs-a-la-primature-un-symbole-fort-selon-lassina-zerbo\/","title":{"rendered":"Mont\u00e9e des couleurs \u00e0 la Primature : \u00ab Un symbole fort \u00bb, selon Lassina Zerbo"},"content":{"rendered":"<div>\n<p><strong>Le Premier ministre Lassina Zerbo a pr\u00e9sid\u00e9 ce lundi 10 janvier 2022 sa premi\u00e8re c\u00e9r\u00e9monie de mont\u00e9e des couleurs. A l\u2019occasion, il a invit\u00e9 le personnel \u00e0 la solidarit\u00e9, \u00e0 la coh\u00e9sion et \u00e0 la discipline, pour une coordination r\u00e9ussie de l\u2019action gouvernementale. <\/strong><\/p>\n<p>Le 7 janvier 2022, l\u2019Assembl\u00e9e nationale a investi Monsieur Lassina Zerbo comme Premier ministre de notre pays, \u00e0 l\u2019issue de sa D\u00e9claration de politique g\u00e9n\u00e9rale (DPG). Ce lundi 10 janvier 2022, le nouveau chef du gouvernement a particip\u00e9 \u00e0 la traditionnelle c\u00e9r\u00e9monie de mont\u00e9e des couleurs \u00e0 la Primature, avec le personnel de cette institution.<\/p>\n<p>\u00ab C\u2019est un honneur pour moi d\u2019\u00eatre l\u00e0 en cette premi\u00e8re mont\u00e9e des couleurs, en ce d\u00e9but d\u2019ann\u00e9e. C\u2019est une occasion pour moi de vous souhaiter \u00e0 vous et \u00e0 vos familles, une meilleure ann\u00e9e 2022. Une ann\u00e9e de sant\u00e9 naturellement, mais une ann\u00e9e de paix, une ann\u00e9e de coh\u00e9sion et de solidarit\u00e9 \u00bb, a d\u00e9clar\u00e9 Lassina Zerbo en s\u2019adressant au personnel. Le chef du Gouvernement a \u00e9galement fait cas du caract\u00e8re symbolique de la c\u00e9r\u00e9monie. \u00ab Nous montons les couleurs aujourd\u2019hui, parce que c\u2019est un symbole fort.<\/p>\n<p>Ce sont les m\u00eames couleurs que nos Forces de d\u00e9fense et de s\u00e9curit\u00e9 (FDS) et les Volontaires pour la d\u00e9fense de la patrie (VDP) et vous aussi en ce qui vous concerne, d\u00e9fendent jour et nuit. Donc, c\u2019est un symbole fort de monter ces couleurs ensemble, en ce d\u00e9but d\u2019ann\u00e9e \u00bb. Nous pensons \u00e0 ceux qui sont tomb\u00e9s en d\u00e9fendant ces couleurs, a-t-il poursuivi, mais aussi, \u00e0 ceux qui se battent sur le terrain aujourd\u2019hui pour d\u00e9fendre les couleurs du Faso, les Etalons naturellement.<\/p>\n<p>Selon lui, le Onze national n\u2019a pas d\u00e9m\u00e9rit\u00e9 (d\u00e9faite des Etalons face aux Lions indomptables du Cameroun en match d\u2019ouverture de la CAN 2021, ndlr), mais doit plut\u00f4t continuer \u00e0 se battre pour ce m\u00eame drapeau qui est \u00ab trop cher \u00bb au Burkina. \u00ab C\u2019est l\u2019occasion pour moi, de vous appeler \u00e0 la solidarit\u00e9 dans tout ce que nous faisons pour d\u00e9fendre les couleurs du Faso \u00bb, a soutenu Lassina Zerbo.<\/p>\n<p>Revenant sur sa D\u00e9claration de politique g\u00e9n\u00e9rale, le Premier ministre a indiqu\u00e9 qu\u2019elle est une \u00e9manation du programme de gouvernance du Pr\u00e9sident du Faso, Roch Marc Christian Kabor\u00e9. Et le succ\u00e8s de la mise en \u0153uvre de ce programme repose, a-t-il dit, sur la discipline, la solidarit\u00e9 et la coh\u00e9sion entre les travailleurs de la Primature, mais aussi entre les filles et les fils de la Nation. \u00ab Cette mont\u00e9e des couleurs intervient imm\u00e9diatement apr\u00e8s ma d\u00e9claration de politique g\u00e9n\u00e9rale.<\/p>\n<p>C\u2019est une d\u00e9claration que j\u2019ai faite qui a obtenu la confiance de l\u2019Assembl\u00e9e nationale, donc celle du peuple. La confiance du peuple dans un programme qui est celui du pr\u00e9sident du Faso, programme pour lequel il a \u00e9t\u00e9 \u00e9lu. C\u2019est ce programme que nous devons d\u00e9rouler en coh\u00e9sion, en solidarit\u00e9 et faire en sorte que ce qu\u2019il a promis au peuple puisse se r\u00e9aliser. Donc, je compte sur chacun de vous pour qu\u2019ensemble, nous menions ce combat-l\u00e0. Combat pour le d\u00e9veloppement, combat pour lequel sans paix, sans solidarit\u00e9 et sans coh\u00e9sion, il n\u2019y aura pas de succ\u00e8s \u00bb, a-t-il affirm\u00e9.<\/p>\n<p>Pour restaurer la paix au pays des Hommes int\u00e8gres, Lassina Zerbo a dit tendre la main aux fils du pays qui se sont lanc\u00e9s dans l\u2019extr\u00e9misme violent et les a invit\u00e9s \u00e0 mettre les int\u00e9r\u00eats de la Nation au-dessus de tout autre int\u00e9r\u00eat. \u00ab Nous ferons tout pour amener nos fr\u00e8res qui ont \u00e9t\u00e9 amen\u00e9s \u00e0 combattre avec les terroristes, \u00e0 les ramener vers nous, \u00e0 leur faire comprendre que ce drapeau pour lequel nous nous battons est beaucoup plus fort que tout. Ce sentiment Nation, nous devons l\u2019avoir \u00bb a soulign\u00e9 le chef du Gouvernement.<\/p>\n<p style=\"text-align: right\">W. Aubin NANA<\/p>\n<p style=\"text-align: right\">Source : DCRP\/Primature<\/p>\n<p>L\u2019article <a rel=\"nofollow\" href=\"https:\/\/www.sidwaya.info\/blog\/2022\/01\/11\/montee-des-couleurs-a-la-primature-un-symbole-fort-selon-lassina-zerbo\/\">Mont\u00e9e des couleurs \u00e0 la Primature : \u00ab Un symbole fort \u00bb, selon Lassina Zerbo<\/a> est apparu en premier sur <a rel=\"nofollow\" href=\"https:\/\/www.sidwaya.info\/\">Quotidien Sidwaya<\/a>.<\/p>\n<\/div>\n<p>Auteur: JK. Sidwaya<br \/>\n<a href=\"https:\/\/www.sidwaya.info\/blog\/2022\/01\/11\/montee-des-couleurs-a-la-primature-un-symbole-fort-selon-lassina-zerbo\/?utm_source=rss&#038;utm_medium=rss&#038;utm_campaign=montee-des-couleurs-a-la-primature-un-symbole-fort-selon-lassina-zerbo\">Cliquez ici pour lire l&rsquo;article depuis sa source.<\/a><\/p>\n","protected":false},"excerpt":{"rendered":"<p>Le Premier ministre Lassina Zerbo a pr\u00e9sid\u00e9 ce lundi 10 janvier 2022 sa premi\u00e8re c\u00e9r\u00e9monie de mont\u00e9e des couleurs. A l\u2019occasion, il a invit\u00e9 le personnel \u00e0 la solidarit\u00e9, \u00e0 la coh\u00e9sion et \u00e0 la discipline, pour une coordination r\u00e9ussie de l\u2019action gouvernementale. Le 7 janvier 2022, l\u2019Assembl\u00e9e nationale a investi Monsieur Lassina Zerbo comme [&hellip;]<\/p>\n","protected":false},"author":1816,"featured_media":0,"comment_status":"closed","ping_status":"closed","sticky":false,"template":"","format":"standard","meta":{"fifu_image_url":"","fifu_image_alt":"","footnotes":""},"categories":[73,81],"tags":[],"class_list":["post-138273","post","type-post","status-publish","format-standard","hentry","category-actualite","category-burkina-faso"],"_links":{"self":[{"href":"https:\/\/linitiative.ca\/International\/wp-json\/wp\/v2\/posts\/138273","targetHints":{"allow":["GET"]}}],"collection":[{"href":"https:\/\/linitiative.ca\/International\/wp-json\/wp\/v2\/posts"}],"about":[{"href":"https:\/\/linitiative.ca\/International\/wp-json\/wp\/v2\/types\/post"}],"author":[{"embeddable":true,"href":"https:\/\/linitiative.ca\/International\/wp-json\/wp\/v2\/users\/1816"}],"replies":[{"embeddable":true,"href":"https:\/\/linitiative.ca\/International\/wp-json\/wp\/v2\/comments?post=138273"}],"version-history":[{"count":0,"href":"https:\/\/linitiative.ca\/International\/wp-json\/wp\/v2\/posts\/138273\/revisions"}],"wp:attachment":[{"href":"https:\/\/linitiative.ca\/International\/wp-json\/wp\/v2\/media?parent=138273"}],"wp:term":[{"taxonomy":"category","embeddable":true,"href":"https:\/\/linitiative.ca\/International\/wp-json\/wp\/v2\/categories?post=138273"},{"taxonomy":"post_tag","embeddable":true,"href":"https:\/\/linitiative.ca\/International\/wp-json\/wp\/v2\/tags?post=138273"}],"curies":[{"name":"wp","href":"https:\/\/api.w.org\/{rel}","templated":true}]}}