{"id":138274,"date":"2022-01-11T04:32:34","date_gmt":"2022-01-11T09:32:34","guid":{"rendered":"https:\/\/linitiative.ca\/International\/sanctions-de-la-cedeao-contre-mali-assimi-goita-appelle-ses-compatriotes-au-calme-et-a-la-resilience\/"},"modified":"2022-01-11T04:32:34","modified_gmt":"2022-01-11T09:32:34","slug":"sanctions-de-la-cedeao-contre-mali-assimi-goita-appelle-ses-compatriotes-au-calme-et-a-la-resilience","status":"publish","type":"post","link":"https:\/\/linitiative.ca\/International\/sanctions-de-la-cedeao-contre-mali-assimi-goita-appelle-ses-compatriotes-au-calme-et-a-la-resilience\/","title":{"rendered":"Sanctions de la CEDEAO contre Mali : Assimi Go\u00efta appelle ses compatriotes au calme et \u00e0 la r\u00e9silience"},"content":{"rendered":"<div>\n<p>Le chef de la junte malienne, le colonel Assimi Go\u00efta, a dit lundi sur les antennes de\u00a0 la t\u00e9l\u00e9vision publique rester ouvert au dialogue avec la Communaut\u00e9 des Etats ouest africains, tout en appelant ses compatriotes au calme et \u00e0 la \u00ab\u00a0r\u00e9silience\u00a0\u00bb apr\u00e8s que l\u2019organisation r\u00e9gionale a inflig\u00e9 des sanctions \u00e0 son pays.<\/p>\n<p>Il a fait savoir que m\u00eame si son pays regrette le caract\u00e8re ill\u00e9gitime, ill\u00e9gal et inhumain de certaines d\u00e9cisions, le Mali reste ouvert au dialogue avec la C\u00e9d\u00e9ao pour trouver un consensus entre les int\u00e9r\u00eats sup\u00e9rieurs du peuple malien et le respect des principes fondamentaux de l\u2019organisation<\/p>\n<p>Assimi Go\u00efta n\u2019a pas annonc\u00e9 de nouvelle mesure de riposte, mais n\u2019a pas non plus fait de nouvelle proposition pour sortir de la crise politique.<\/p>\n<p>En rappel, la Communaut\u00e9 \u00e9conomique des Etats de l\u2019Afrique de l\u2019Ouest (C\u00e9d\u00e9ao) a impos\u00e9 dimanche une batterie de mesures de r\u00e9torsion qui ouvrent pour le pays, en proie \u00e0 une grave crise s\u00e9curitaire et politique depuis neuf ans, une nouvelle p\u00e9riode de grande incertitude.<\/p>\n<p><strong>La R\u00e9daction<\/strong><\/p>\n<p>L\u2019article <a rel=\"nofollow\" href=\"https:\/\/www.sidwaya.info\/blog\/2022\/01\/11\/sanctions-de-la-cedeao-contre-mali-assimi-goita-appelle-ses-compatriotes-au-calme-et-a-la-resilience\/\">Sanctions de la CEDEAO contre Mali : Assimi Go\u00efta appelle ses compatriotes au calme et \u00e0 la r\u00e9silience<\/a> est apparu en premier sur <a rel=\"nofollow\" href=\"https:\/\/www.sidwaya.info\/\">Quotidien Sidwaya<\/a>.<\/p>\n<\/div>\n<p>Auteur: Wamini SIDWAYA<br \/>\n<a href=\"https:\/\/www.sidwaya.info\/blog\/2022\/01\/11\/sanctions-de-la-cedeao-contre-mali-assimi-goita-appelle-ses-compatriotes-au-calme-et-a-la-resilience\/?utm_source=rss&#038;utm_medium=rss&#038;utm_campaign=sanctions-de-la-cedeao-contre-mali-assimi-goita-appelle-ses-compatriotes-au-calme-et-a-la-resilience\">Cliquez ici pour lire l&rsquo;article depuis sa source.<\/a><\/p>\n","protected":false},"excerpt":{"rendered":"<p>Le chef de la junte malienne, le colonel Assimi Go\u00efta, a dit lundi sur les antennes de\u00a0 la t\u00e9l\u00e9vision publique rester ouvert au dialogue avec la Communaut\u00e9 des Etats ouest africains, tout en appelant ses compatriotes au calme et \u00e0 la \u00ab\u00a0r\u00e9silience\u00a0\u00bb apr\u00e8s que l\u2019organisation r\u00e9gionale a inflig\u00e9 des sanctions \u00e0 son pays. Il a [&hellip;]<\/p>\n","protected":false},"author":1816,"featured_media":0,"comment_status":"closed","ping_status":"closed","sticky":false,"template":"","format":"standard","meta":{"fifu_image_url":"","fifu_image_alt":"","footnotes":""},"categories":[73,81],"tags":[],"class_list":["post-138274","post","type-post","status-publish","format-standard","hentry","category-actualite","category-burkina-faso"],"_links":{"self":[{"href":"https:\/\/linitiative.ca\/International\/wp-json\/wp\/v2\/posts\/138274","targetHints":{"allow":["GET"]}}],"collection":[{"href":"https:\/\/linitiative.ca\/International\/wp-json\/wp\/v2\/posts"}],"about":[{"href":"https:\/\/linitiative.ca\/International\/wp-json\/wp\/v2\/types\/post"}],"author":[{"embeddable":true,"href":"https:\/\/linitiative.ca\/International\/wp-json\/wp\/v2\/users\/1816"}],"replies":[{"embeddable":true,"href":"https:\/\/linitiative.ca\/International\/wp-json\/wp\/v2\/comments?post=138274"}],"version-history":[{"count":0,"href":"https:\/\/linitiative.ca\/International\/wp-json\/wp\/v2\/posts\/138274\/revisions"}],"wp:attachment":[{"href":"https:\/\/linitiative.ca\/International\/wp-json\/wp\/v2\/media?parent=138274"}],"wp:term":[{"taxonomy":"category","embeddable":true,"href":"https:\/\/linitiative.ca\/International\/wp-json\/wp\/v2\/categories?post=138274"},{"taxonomy":"post_tag","embeddable":true,"href":"https:\/\/linitiative.ca\/International\/wp-json\/wp\/v2\/tags?post=138274"}],"curies":[{"name":"wp","href":"https:\/\/api.w.org\/{rel}","templated":true}]}}