{"id":138276,"date":"2022-01-11T07:29:15","date_gmt":"2022-01-11T12:29:15","guid":{"rendered":"https:\/\/linitiative.ca\/International\/relations-commerciales-un-sommet-%e2%80%afentre-lunion-europeenne-et-lafrique-en-fevrier-2022\/"},"modified":"2022-01-11T07:29:15","modified_gmt":"2022-01-11T12:29:15","slug":"relations-commerciales-un-sommet-%e2%80%afentre-lunion-europeenne-et-lafrique-en-fevrier-2022","status":"publish","type":"post","link":"https:\/\/linitiative.ca\/International\/relations-commerciales-un-sommet-%e2%80%afentre-lunion-europeenne-et-lafrique-en-fevrier-2022\/","title":{"rendered":"Relations commerciales : Un sommet \u202fentre l\u2019Union europ\u00e9enne et l\u2019Afrique en f\u00e9vrier 2022"},"content":{"rendered":"<div>\n<p><strong>La refondation du partenariat entre l\u2019Union europ\u00e9enne et l\u2019Afrique est au c\u0153ur de l\u2019agenda de la pr\u00e9sidence fran\u00e7aise du Conseil de l\u2019Union europ\u00e9enne. Le sommet entre l\u2019Union europ\u00e9enne et l\u2019Union africaine en f\u00e9vrier 2022 sera l\u2019occasion de marquer cette ambition au plus haut niveau politique.<\/strong><\/p>\n<p><strong>Dans le cadre de la pr\u00e9sidence fran\u00e7aise du Conseil de l\u2019Union europ\u00e9enne et dans la perspective du sommet entre l\u2019Union europ\u00e9enne et l\u2019Union africaine, Franck Riester, ministre d\u00e9l\u00e9gu\u00e9 au Commerce ext\u00e9rieur et \u00e0 l\u2019attractivit\u00e9, a tenu le lundi 10 janvier 2022 une conf\u00e9rence internationale de niveau minist\u00e9riel consacr\u00e9e aux perspectives du partenariat commercial europ\u00e9en avec l\u2019Afrique.<\/strong><\/p>\n<p>Cette conf\u00e9rence internationale vise \u00e0 mettre en valeur\u00a0le partenariat europ\u00e9en avec l\u2019Afrique en mati\u00e8re de commerce et d\u2019investissement, \u00e0 quelques semaines du sommet UA-UE. Divis\u00e9e en plusieurs tables rondes, les participants \u00e0 cette rencontre, ont aborde tout d\u2019abord\u00a0les enjeux \u00e9conomiques et commerciaux du partenariat UE \u2013 Afrique\u00a0en partant d\u2019un \u00e9tat des lieux de ce partenariat.\u00a0 Ils ont ensuite \u00e9voqu\u00e9 le potentiel et les perspectives d\u2019approfondissement des relations commerciales et d\u2019investissement entre l\u2019Union europ\u00e9enne et l\u2019Afrique du Nord d\u2019une part, et les pays de la zone subsaharienne d\u2019autre part.<\/p>\n<p style=\"text-align: center\"><strong>ZLECAf a \u00e9t\u00e9 abord\u00e9e<\/strong><\/p>\n<p>Les relations commerciales entre l\u2019Union europ\u00e9enne et l\u2019Afrique sont r\u00e9gies par des accords d\u2019association pour l\u2019Afrique du Nord, et par l\u2019accord de Cotonou pour l\u2019Afrique Subsaharienne.<\/p>\n<p>La conf\u00e9rence a permis d\u2019\u00e9changer sur la mise en \u0153uvre du cadre actuel et sur ses perspectives d\u2019\u00e9volution, notamment en vue de l\u2019entr\u00e9e en vigueur de l\u2019accord \u00ab Post-Cotonou \u00bb. La contribution \u00e0 l\u2019int\u00e9gration r\u00e9gionale des accords de partenariat \u00e9conomique et de la mise en place de la zone de libre-\u00e9change continentale africaine (ZLECAf) a \u00e9t\u00e9 \u00e9galement abord\u00e9e. Les discussions ont permis par ailleurs, de revenir sur les politiques d\u2019aide au commerce et de facilitation des \u00e9changes d\u00e9velopp\u00e9es par l\u2019Union europ\u00e9enne en lien avec ses partenaires africains.<\/p>\n<p>\u00a0<\/p>\n<p><strong>SOURCE: <\/strong><strong>APO<\/strong><\/p>\n<p><strong>\u00a0<\/strong><\/p>\n<p><strong>\u00a0<\/strong><\/p>\n<p>\u00a0<\/p>\n<p>\u00a0<\/p>\n<p>\u00a0<\/p>\n<p>\u00a0<\/p>\n<p>\u00a0<\/p>\n<p>\u00a0<\/p>\n<p>\u00a0<\/p>\n<p><strong>\u00a0<\/strong><\/p>\n<p>L\u2019article <a rel=\"nofollow\" href=\"https:\/\/www.sidwaya.info\/blog\/2022\/01\/11\/relations-commerciales-un-sommet-%E2%80%AFentre-lunion-europeenne-et-lafrique-en-fevrier-2022-vers-de-nouveaux-partenariats\/\">Relations commerciales : Un sommet \u202fentre l\u2019Union europ\u00e9enne et l\u2019Afrique en f\u00e9vrier 2022<\/a> est apparu en premier sur <a rel=\"nofollow\" href=\"https:\/\/www.sidwaya.info\/\">Quotidien Sidwaya<\/a>.<\/p>\n<\/div>\n<p>Auteur: BANGRE SIDWAYA<br \/>\n<a href=\"https:\/\/www.sidwaya.info\/blog\/2022\/01\/11\/relations-commerciales-un-sommet-%E2%80%AFentre-lunion-europeenne-et-lafrique-en-fevrier-2022-vers-de-nouveaux-partenariats\/?utm_source=rss&#038;utm_medium=rss&#038;utm_campaign=relations-commerciales-un-sommet-%25e2%2580%25afentre-lunion-europeenne-et-lafrique-en-fevrier-2022-vers-de-nouveaux-partenariats\">Cliquez ici pour lire l&rsquo;article depuis sa source.<\/a><\/p>\n","protected":false},"excerpt":{"rendered":"<p>La refondation du partenariat entre l\u2019Union europ\u00e9enne et l\u2019Afrique est au c\u0153ur de l\u2019agenda de la pr\u00e9sidence fran\u00e7aise du Conseil de l\u2019Union europ\u00e9enne. Le sommet entre l\u2019Union europ\u00e9enne et l\u2019Union africaine en f\u00e9vrier 2022 sera l\u2019occasion de marquer cette ambition au plus haut niveau politique. Dans le cadre de la pr\u00e9sidence fran\u00e7aise du Conseil de [&hellip;]<\/p>\n","protected":false},"author":1816,"featured_media":0,"comment_status":"closed","ping_status":"closed","sticky":false,"template":"","format":"standard","meta":{"fifu_image_url":"","fifu_image_alt":"","footnotes":""},"categories":[73,81],"tags":[],"class_list":["post-138276","post","type-post","status-publish","format-standard","hentry","category-actualite","category-burkina-faso"],"_links":{"self":[{"href":"https:\/\/linitiative.ca\/International\/wp-json\/wp\/v2\/posts\/138276","targetHints":{"allow":["GET"]}}],"collection":[{"href":"https:\/\/linitiative.ca\/International\/wp-json\/wp\/v2\/posts"}],"about":[{"href":"https:\/\/linitiative.ca\/International\/wp-json\/wp\/v2\/types\/post"}],"author":[{"embeddable":true,"href":"https:\/\/linitiative.ca\/International\/wp-json\/wp\/v2\/users\/1816"}],"replies":[{"embeddable":true,"href":"https:\/\/linitiative.ca\/International\/wp-json\/wp\/v2\/comments?post=138276"}],"version-history":[{"count":0,"href":"https:\/\/linitiative.ca\/International\/wp-json\/wp\/v2\/posts\/138276\/revisions"}],"wp:attachment":[{"href":"https:\/\/linitiative.ca\/International\/wp-json\/wp\/v2\/media?parent=138276"}],"wp:term":[{"taxonomy":"category","embeddable":true,"href":"https:\/\/linitiative.ca\/International\/wp-json\/wp\/v2\/categories?post=138276"},{"taxonomy":"post_tag","embeddable":true,"href":"https:\/\/linitiative.ca\/International\/wp-json\/wp\/v2\/tags?post=138276"}],"curies":[{"name":"wp","href":"https:\/\/api.w.org\/{rel}","templated":true}]}}