{"id":138277,"date":"2022-01-11T10:37:40","date_gmt":"2022-01-11T15:37:40","guid":{"rendered":"https:\/\/linitiative.ca\/International\/mali-dix10-maisons-monumentales-a-djenne-ont-ete-rehabilitees-unesco\/"},"modified":"2022-01-11T10:37:40","modified_gmt":"2022-01-11T15:37:40","slug":"mali-dix10-maisons-monumentales-a-djenne-ont-ete-rehabilitees-unesco","status":"publish","type":"post","link":"https:\/\/linitiative.ca\/International\/mali-dix10-maisons-monumentales-a-djenne-ont-ete-rehabilitees-unesco\/","title":{"rendered":"Mali : Dix(10) maisons monumentales \u00e0 Djenn\u00e9 ont \u00e9t\u00e9 r\u00e9habilit\u00e9es (UNESCO)"},"content":{"rendered":"<div>\n<p><b>Le Comit\u00e9 de pilotage du \u00ab Patrimoines endommag\u00e9s des r\u00e9gions nord du Mali : sauvegarde, reconstruction, r\u00e9habilitation, restauration et revitalisation \u00bb,<\/b><b>\u00a0a fait mardi 28 d\u00e9cembre 2021 au M\u00e9morial Modibo Ke\u00efta, le bilan du projet.<\/b><\/p>\n<div class=\"I_52qC D_FY W_6D6F\" data-test-id=\"message-view-body\">\n<div class=\"msg-body P_wpofO mq_AS\" data-test-id=\"message-view-body-content\">\n<div class=\"jb_0 X_6MGW N_6Fd5\">\n<div id=\"yiv6179276955\">\n<div class=\"yiv6179276955yahoo-style-wrap\">\n<div dir=\"ltr\">\n<div>\n<p class=\"yiv6179276955ydp5ca71c35MsoNormal\">Dans le cadre du suivi des activit\u00e9s de la deuxi\u00e8me phase du programme \u00ab Patrimoines endommag\u00e9s des r\u00e9gions nord du Mali : sauvegarde, reconstruction, r\u00e9habilitation, restauration et revitalisation \u00bb, le Comit\u00e9 de pilotage s\u2019est r\u00e9uni,\u00a0 mardi 28 d\u00e9cembre 2021 au M\u00e9morial Modibo Ke\u00efta, sous la pr\u00e9sidence du Ministre de l\u2019Artisanat, de la Culture, de l\u2019Industrie H\u00f4teli\u00e8re et du Tourisme, M. Andogoly GUINDO qui avait \u00e0 ses c\u00f4t\u00e9s, M. Edmond MOUKALA, Chef du Bureau et Repr\u00e9sentant de l\u2019UNESCO au Mali, M. Bart OUVRY, Ambassadeur de l\u2019Union europ\u00e9enne au Mali et du repr\u00e9sentant de l\u2019Ambassadeur du Royaume d\u2019Espagne au Malia, pour faire un bilan global de cette seconde phase de ce programme financ\u00e9 par l\u2019UE.<\/p>\n<p class=\"yiv6179276955ydp5ca71c35MsoNormal\">L\u2019objectif \u00e9tait de p\u00e9renniser et de consolider les r\u00e9sultats pr\u00e9liminaires du Programme de R\u00e9habilitation. L\u2019enjeu de cette phase \u00e9tait non seulement de poursuivre et d\u2019affiner les actions de r\u00e9habilitation du patrimoine en vue d\u2019une gestion p\u00e9renne, capitalisant les acquis des actions men\u00e9es durant les huit (08) ann\u00e9es pass\u00e9es mais aussi de cibler plus pr\u00e9cis\u00e9ment le d\u00e9veloppement socio-\u00e9conomique au b\u00e9n\u00e9fice des populations locales par le biais du patrimoine et dans des domaines d\u2019actions cibl\u00e9es.<\/p>\n<p class=\"yiv6179276955ydp5ca71c35MsoNormal\">Le \u00a0projet a permis de r\u00e9aliser des travaux de r\u00e9habilitation de la mosqu\u00e9e Djingareyber, les toilettes des mosqu\u00e9es sidi Yahia et Sankor\u00e9, \u00a0de finaliser les travaux de construction du monument Al Farouk, de r\u00e9am\u00e9nager la place de l\u2019ind\u00e9pendance de Tombouctou et de r\u00e9habiliter dix (10) maisons monumentales \u00e0 Djenn\u00e9 et la maison de l\u2019explorateur Heinrich Bart \u00e0 Tombouctou\u2026). Il a par ailleurs permis de\u00a0 poursuivre les actions de conservation physique, de valoriser et d\u2019exploiter des manuscrits anciens. A cela s\u2019ajoute, les activit\u00e9s de lutte contre le trafic illicite des biens culturels et le renforcement des capacit\u00e9s de 50 jeunes sur les m\u00e9tiers du patrimoine culturel \u00e0 travers la transmission des savoirs et du savoir-faire dans les m\u00e9tiers du patrimoine culturel, notamment en ma\u00e7onnerie traditionnelle.<\/p>\n<p class=\"yiv6179276955ydp5ca71c35MsoNormal\">Malgr\u00e9 un contexte particuli\u00e8rement difficile, l\u2019ensemble des activit\u00e9s planifi\u00e9es ont pu \u00eatre ex\u00e9cut\u00e9es sur le terrain. Le taux d\u2019ex\u00e9cution des travaux du projet sur le terrain est estim\u00e9 \u00e0 100% avec un taux de consommation budg\u00e9taire de 97% \u00e0 la date d\u2019aujourd\u2019hui.<\/p>\n<p class=\"yiv6179276955ydp5ca71c35MsoNormal\">Cette rencontre du comit\u00e9 de pilotage, qui a \u00e9t\u00e9 \u00e9largie aux communaut\u00e9s des sites du patrimoine mondial, a \u00e9t\u00e9 cl\u00f4tur\u00e9e par la diffusion d\u2019un film r\u00e9capitulatif sur le chemin parcouru dans le cadre des activit\u00e9s du Programme de R\u00e9habilitation du patrimoine culturel et de Sauvegarde des Manuscrits anciens du Mali.<\/p>\n<p class=\"yiv6179276955ydp5ca71c35MsoNormal\"><i>\u00a0<\/i><\/p>\n<p><b>SOURCE: <\/b>United Nations Educational, Scientific and Cultural Organization (UNESCO)<\/p>\n<\/div>\n<\/div>\n<\/div>\n<\/div>\n<\/div>\n<\/div>\n<div class=\"jb_0 X_6MGW N_6Fd5\"><\/div>\n<\/div>\n<div class=\"H_7jIs D_F ab_C Q_69H5 E_36RhU\" data-test-id=\"toolbar-hover-area\">\n<div class=\"D_F W_6D6F r_BN gl_C\" data-test-id=\"card-toolbar\">\n<div class=\"D_F ab_C en_0 b_Z14vXdP e_3mS2U I_52qC P_Z1otBpf\">\n<hr class=\"M_0 P_0 cn_0\">\n<\/div>\n<\/div>\n<\/div>\n<p>L\u2019article <a rel=\"nofollow\" href=\"https:\/\/www.sidwaya.info\/blog\/2022\/01\/11\/mali-dix10-maisons-monumentales-a-djenne-ont-ete-rehabilitees-unesco\/\">Mali : Dix(10) maisons monumentales \u00e0 Djenn\u00e9 ont \u00e9t\u00e9 r\u00e9habilit\u00e9es (UNESCO)<\/a> est apparu en premier sur <a rel=\"nofollow\" href=\"https:\/\/www.sidwaya.info\/\">Quotidien Sidwaya<\/a>.<\/p>\n<\/div>\n<p>Auteur: BANGRE SIDWAYA<br \/>\n<a href=\"https:\/\/www.sidwaya.info\/blog\/2022\/01\/11\/mali-dix10-maisons-monumentales-a-djenne-ont-ete-rehabilitees-unesco\/?utm_source=rss&#038;utm_medium=rss&#038;utm_campaign=mali-dix10-maisons-monumentales-a-djenne-ont-ete-rehabilitees-unesco\">Cliquez ici pour lire l&rsquo;article depuis sa source.<\/a><\/p>\n","protected":false},"excerpt":{"rendered":"<p>Le Comit\u00e9 de pilotage du \u00ab Patrimoines endommag\u00e9s des r\u00e9gions nord du Mali : sauvegarde, reconstruction, r\u00e9habilitation, restauration et revitalisation \u00bb,\u00a0a fait mardi 28 d\u00e9cembre 2021 au M\u00e9morial Modibo Ke\u00efta, le bilan du projet. Dans le cadre du suivi des activit\u00e9s de la deuxi\u00e8me phase du programme \u00ab Patrimoines endommag\u00e9s des r\u00e9gions nord du Mali [&hellip;]<\/p>\n","protected":false},"author":1816,"featured_media":0,"comment_status":"closed","ping_status":"closed","sticky":false,"template":"","format":"standard","meta":{"fifu_image_url":"","fifu_image_alt":"","footnotes":""},"categories":[73,81],"tags":[],"class_list":["post-138277","post","type-post","status-publish","format-standard","hentry","category-actualite","category-burkina-faso"],"_links":{"self":[{"href":"https:\/\/linitiative.ca\/International\/wp-json\/wp\/v2\/posts\/138277","targetHints":{"allow":["GET"]}}],"collection":[{"href":"https:\/\/linitiative.ca\/International\/wp-json\/wp\/v2\/posts"}],"about":[{"href":"https:\/\/linitiative.ca\/International\/wp-json\/wp\/v2\/types\/post"}],"author":[{"embeddable":true,"href":"https:\/\/linitiative.ca\/International\/wp-json\/wp\/v2\/users\/1816"}],"replies":[{"embeddable":true,"href":"https:\/\/linitiative.ca\/International\/wp-json\/wp\/v2\/comments?post=138277"}],"version-history":[{"count":0,"href":"https:\/\/linitiative.ca\/International\/wp-json\/wp\/v2\/posts\/138277\/revisions"}],"wp:attachment":[{"href":"https:\/\/linitiative.ca\/International\/wp-json\/wp\/v2\/media?parent=138277"}],"wp:term":[{"taxonomy":"category","embeddable":true,"href":"https:\/\/linitiative.ca\/International\/wp-json\/wp\/v2\/categories?post=138277"},{"taxonomy":"post_tag","embeddable":true,"href":"https:\/\/linitiative.ca\/International\/wp-json\/wp\/v2\/tags?post=138277"}],"curies":[{"name":"wp","href":"https:\/\/api.w.org\/{rel}","templated":true}]}}