{"id":138278,"date":"2022-01-11T13:18:03","date_gmt":"2022-01-11T18:18:03","guid":{"rendered":"https:\/\/linitiative.ca\/International\/afrique-de-louest-linsecurite-cree-une-crise-multiforme-onu\/"},"modified":"2022-01-11T13:18:03","modified_gmt":"2022-01-11T18:18:03","slug":"afrique-de-louest-linsecurite-cree-une-crise-multiforme-onu","status":"publish","type":"post","link":"https:\/\/linitiative.ca\/International\/afrique-de-louest-linsecurite-cree-une-crise-multiforme-onu\/","title":{"rendered":"Afrique de l\u2019ouest : l\u2019ins\u00e9curit\u00e9 cr\u00e9e une crise multiforme (Onu)"},"content":{"rendered":"<div>\n<p><img decoding=\"async\" width=\"1358\" height=\"809\" src=\"https:\/\/linitiative.ca\/International\/wp-content\/uploads\/sites\/23\/2022\/01\/16419250832958.jpg\" class=\"attachment-post-thumbnail size-post-thumbnail wp-post-image\" alt=\"\" loading=\"lazy\" srcset=\"https:\/\/linitiative.ca\/International\/wp-content\/uploads\/sites\/23\/2022\/01\/16419250832958.jpg 1358w, https:\/\/www.journalducameroun.com\/wp-content\/uploads\/2022\/01\/16419250832958-300x179.jpg 300w, https:\/\/www.journalducameroun.com\/wp-content\/uploads\/2022\/01\/16419250832958-1024x610.jpg 1024w, https:\/\/www.journalducameroun.com\/wp-content\/uploads\/2022\/01\/16419250832958-768x458.jpg 768w, https:\/\/www.journalducameroun.com\/wp-content\/uploads\/2022\/01\/16419250832958-739x440.jpg 739w, https:\/\/www.journalducameroun.com\/wp-content\/uploads\/2022\/01\/16419250832958-600x357.jpg 600w\" sizes=\"auto, (max-width: 1358px) 100vw, 1358px\"><\/p>\n<p>L&rsquo;instabilit\u00e9 qui mine plusieurs parties de la r\u00e9gion ouest africaine met en p\u00e9ril les acquis enregistr\u00e9s par les pays selon le Repr\u00e9sentant sp\u00e9cial du Secr\u00e9taire g\u00e9n\u00e9ral et Chef du Bureau des Nations unies pour l&rsquo;Afrique de l&rsquo;Ouest et le Sahel (Unowas), Mahamat Saleh Annadif.La partie occidentale du continent noir reste en proie \u00e0 l&rsquo;ins\u00e9curit\u00e9. Malgr\u00e9 les efforts nationaux, r\u00e9gionaux et internationaux, la situation s\u00e9curitaire dans la r\u00e9gion demeure complexe et difficile. Les groupes extr\u00e9mistes violents continuent d&rsquo;\u00e9tendre leur champ d&rsquo;op\u00e9rations au Sahel, notamment dans la zone des trois fronti\u00e8res du Liptako-Gourma entre le Burkina Faso, le Mali et le Niger, ciblant \u00e0 la fois les civils et les forces de s\u00e9curit\u00e9.<\/p>\n<p>\u00ab Au Nigeria, le regain de criminalit\u00e9 et de conflits entre agriculteurs et \u00e9leveurs a d\u00e9tourn\u00e9 l&rsquo;attention de la violence extr\u00e9miste dans le nord-est, qui reste n\u00e9anmoins omnipr\u00e9sente. D&rsquo;autres incidents, bien que de faible ampleur, dans le nord de la C\u00f4te d&rsquo;Ivoire, du B\u00e9nin et du Togo d\u00e9montrent que la menace tant \u00e9voqu\u00e9e des actes de terrorisme se d\u00e9pla\u00e7ant du Sahel en direction des pays c\u00f4tiers du Golfe de Guin\u00e9e est une r\u00e9alit\u00e9 \u00bb, a soulign\u00e9 le Repr\u00e9sentant sp\u00e9cial.<\/p>\n<p>Mahamat Saleh Annadif pr\u00e9sentait, lundi dernier, par visioconf\u00e9rence, au Conseil de S\u00e9curit\u00e9 des Nations Unies, le dernier rapport du Secr\u00e9taire g\u00e9n\u00e9ral sur les activit\u00e9s d&rsquo;Unowas. Le rapport couvre la p\u00e9riode du 18 juin au 21 d\u00e9cembre 2021.<\/p>\n<p>M. Annadif a, par ailleurs, \u00e9num\u00e9r\u00e9 les cons\u00e9quences des d\u00e9veloppements s\u00e9curitaires dont l&rsquo;effet majeur est la crise humanitaire multiforme que vit la r\u00e9gion. Cette crise est \u00ab caract\u00e9ris\u00e9e par la hausse des prix des produits alimentaires, l&rsquo;augmentation de la pauvret\u00e9 du fait de la Covid-19 et la perte des r\u00e9coltes du fait de la s\u00e9cheresse. \u00bb<\/p>\n<p>Sur la question du changement climatique, M. Annadif a mentionn\u00e9 la n\u00e9cessit\u00e9 d&rsquo;une approche \u00e0 long terme et a inform\u00e9 du soutien d&rsquo;Unowas pour le d\u00e9veloppement de strat\u00e9gies d&rsquo;adaptation \u00e0 la d\u00e9gradation climatique dans la r\u00e9gion Afrique de l&rsquo;Ouest et Sahel. \u00ab Ceci dans le but de prot\u00e9ger les plus vuln\u00e9rables qui sont victimes des urgences humanitaires et de la d\u00e9t\u00e9rioration s\u00e9curitaire qui en r\u00e9sultent \u00bb, a-t-il ajout\u00e9.<\/p>\n<p>En outre, le Repr\u00e9sentant sp\u00e9cial a appel\u00e9 \u00e0 un plus grand engagement dans la mise en \u0153uvre de l&rsquo;Agenda Femmes, paix et s\u00e9curit\u00e9, et de l&rsquo;Agenda des jeunes pour la paix et la s\u00e9curit\u00e9.<\/p>\n<p>\u00ab Bien que plus de 50% d&rsquo;\u00e9lecteurs de la sous-r\u00e9gion sont des femmes, leur pr\u00e9sence de fa\u00e7on significative au niveau des organes de d\u00e9cision tarde \u00e0 se concr\u00e9tiser \u00bb, a dit M. Annadif, non sans ajouter qu&rsquo;\u00ab une plus grande volont\u00e9 politique, se traduisant entre autres par le financement sur les budgets nationaux de ces plans d&rsquo;action est n\u00e9cessaire. \u00bb<\/p>\n<p>Ce tableau sombre dress\u00e9 par M. Annadif n&rsquo;\u00e9clipse pas les avanc\u00e9es d\u00e9mocratiques, notamment les \u00e9lections r\u00e9ussies au Cabo Verde et en Gambie.<\/p>\n<p>\u00ab Malgr\u00e9 toutes les inqui\u00e9tudes justifi\u00e9es suscit\u00e9es par les turbulences actuelles en mati\u00e8re de gouvernance d\u00e9mocratique, ces exemples confirment l&rsquo;attrait de la d\u00e9mocratie, comme le plus s\u00fbr vecteur pour fa\u00e7onner l&rsquo;avenir des communaut\u00e9s \u00bb, s&rsquo;est f\u00e9licit\u00e9 Mahamat Saleh Annadif.<\/p>\n<p>Le Repr\u00e9sentant sp\u00e9cial a \u00e9galement salu\u00e9 les progr\u00e8s accomplis par la Commission mixte Cameroun-Nigeria en charge de la mise en \u0153uvre de l&rsquo;arr\u00eat de la Cour Internationale de Justice sur le conflit frontalier entre les deux pays, depuis sa cr\u00e9ation en 2002.<\/p>\n<p>\u00ab Ces r\u00e9alisations sont autant d&rsquo;exemples positifs de r\u00e9solution des conflits, d\u00e9montrant concr\u00e8tement la mani\u00e8re dont le r\u00e8glement pacifique des diff\u00e9rends frontaliers peut renforcer la confiance et la coop\u00e9ration bilat\u00e9rale entre des pays voisins \u00bb, s&rsquo;est-il r\u00e9joui.<\/p>\n<p>Cet article <a rel=\"nofollow\" href=\"https:\/\/www.journalducameroun.com\/afrique-de-louest-linsecurite-cree-une-crise-multiforme-onu\/\">Afrique de l\u2019ouest : l\u2019ins\u00e9curit\u00e9 cr\u00e9e une crise multiforme (Onu)<\/a> est apparu en premier sur <a rel=\"nofollow\" href=\"https:\/\/www.journalducameroun.com\/\">Journal du Cameroun<\/a>.<\/p>\n<\/div>\n<p>Auteur: APA News<br \/>\n<a href=\"https:\/\/www.journalducameroun.com\/afrique-de-louest-linsecurite-cree-une-crise-multiforme-onu\/\">Cliquez ici pour lire l&rsquo;article depuis sa source.<\/a><\/p>\n","protected":false},"excerpt":{"rendered":"<p>L&rsquo;instabilit\u00e9 qui mine plusieurs parties de la r\u00e9gion ouest africaine met en p\u00e9ril les acquis enregistr\u00e9s par les pays selon le Repr\u00e9sentant sp\u00e9cial du Secr\u00e9taire g\u00e9n\u00e9ral et Chef du Bureau des Nations unies pour l&rsquo;Afrique de l&rsquo;Ouest et le Sahel (Unowas), Mahamat Saleh Annadif.La partie occidentale du continent noir reste en proie \u00e0 l&rsquo;ins\u00e9curit\u00e9. Malgr\u00e9 [&hellip;]<\/p>\n","protected":false},"author":1965,"featured_media":0,"comment_status":"closed","ping_status":"closed","sticky":false,"template":"","format":"standard","meta":{"fifu_image_url":"https:\/\/www.journalducameroun.com\/wp-content\/uploads\/2022\/01\/16419250832958.jpg","fifu_image_alt":"Afrique de l\u2019ouest : l\u2019ins\u00e9curit\u00e9 cr\u00e9e une crise multiforme (Onu)","footnotes":""},"categories":[73,82],"tags":[],"class_list":["post-138278","post","type-post","status-publish","format-standard","hentry","category-actualite","category-cameroun"],"_links":{"self":[{"href":"https:\/\/linitiative.ca\/International\/wp-json\/wp\/v2\/posts\/138278","targetHints":{"allow":["GET"]}}],"collection":[{"href":"https:\/\/linitiative.ca\/International\/wp-json\/wp\/v2\/posts"}],"about":[{"href":"https:\/\/linitiative.ca\/International\/wp-json\/wp\/v2\/types\/post"}],"author":[{"embeddable":true,"href":"https:\/\/linitiative.ca\/International\/wp-json\/wp\/v2\/users\/1965"}],"replies":[{"embeddable":true,"href":"https:\/\/linitiative.ca\/International\/wp-json\/wp\/v2\/comments?post=138278"}],"version-history":[{"count":0,"href":"https:\/\/linitiative.ca\/International\/wp-json\/wp\/v2\/posts\/138278\/revisions"}],"wp:attachment":[{"href":"https:\/\/linitiative.ca\/International\/wp-json\/wp\/v2\/media?parent=138278"}],"wp:term":[{"taxonomy":"category","embeddable":true,"href":"https:\/\/linitiative.ca\/International\/wp-json\/wp\/v2\/categories?post=138278"},{"taxonomy":"post_tag","embeddable":true,"href":"https:\/\/linitiative.ca\/International\/wp-json\/wp\/v2\/tags?post=138278"}],"curies":[{"name":"wp","href":"https:\/\/api.w.org\/{rel}","templated":true}]}}