{"id":138280,"date":"2022-01-11T15:18:03","date_gmt":"2022-01-11T20:18:03","guid":{"rendered":"https:\/\/linitiative.ca\/International\/trafic-de-bois-700-madriers-saisis-sur-la-lagune-a-abidjan\/"},"modified":"2022-01-11T15:18:03","modified_gmt":"2022-01-11T20:18:03","slug":"trafic-de-bois-700-madriers-saisis-sur-la-lagune-a-abidjan","status":"publish","type":"post","link":"https:\/\/linitiative.ca\/International\/trafic-de-bois-700-madriers-saisis-sur-la-lagune-a-abidjan\/","title":{"rendered":"Trafic de bois: 700 madriers saisis sur la lagune \u00e0 Abidjan"},"content":{"rendered":"<div>\n<p><img decoding=\"async\" width=\"2560\" height=\"1707\" src=\"https:\/\/linitiative.ca\/International\/wp-content\/uploads\/sites\/23\/2022\/01\/16419322837589.jpg\" class=\"attachment-post-thumbnail size-post-thumbnail wp-post-image\" alt=\"\" loading=\"lazy\"><\/p>\n<p>Un \u00e9quipage nautique de la Brigade sp\u00e9ciale de surveillance et d&rsquo;intervention (BSSI), une unit\u00e9 de lutte contre la criminalit\u00e9 li\u00e9e \u00e0 la for\u00eat et aux ressources en eaux, a saisi mardi environ 700 madriers sur la lagune Ebri\u00e9, \u00e0 Abidjan.<\/p>\n<p>L&rsquo;\u00e9quipage nautique de la BSSI, en patrouille sur le plan de la lagune Ebri\u00e9 donnant sur la commune de Koumassi, une commune dans le Sud d&rsquo;Abidjan, a intercept\u00e9 \u00e0 5 h, trois embarcations de trafic de bois issus de sciage \u00e0 fa\u00e7on.\u00a0<\/p>\n<p>\u00ab\u00a0Ce sont environ 700 madriers d&rsquo;essence iroko qui ont \u00e9t\u00e9 saisis\u00a0\u00bb, indique un rapport de cette unit\u00e9 qui \u00a0a \u00e9galement saisi la semaine derni\u00e8re 6 000 madriers dans la commune d&rsquo;Abobo, dans le Nord d&rsquo;Abidjan, avec 11 personnes interpell\u00e9es.\u00a0<\/p>\n<p>Le 10 janvier 2022, des \u00e9l\u00e9ments de la BSSI, ont saisi 600 \u00a0planches de bois dans la cit\u00e9 de Divo, dans le centre-Ouest du pays, et 2.000 autres planches de bois \u00e0 Bouak\u00e9, la m\u00e9tropole du centre ivoirien. \u00a0<\/p>\n<p>Ces fortes saisies interviennent suite aux consignes du ministre des Eaux et For\u00eats, Alain-Richard Donwahi, qui \u00e0 l&rsquo;investiture de nouveau commandant de la BSSI, \u00a0a recommand\u00e9 \u00ab\u00a0la tol\u00e9rance z\u00e9ro pour les trafiquants du bois\u00a0\u00bb.\u00a0<\/p>\n<p>Cet article <a rel=\"nofollow\" href=\"https:\/\/www.journalducameroun.com\/trafic-de-bois-700-madriers-saisis-sur-la-lagune-a-abidjan\/\">Trafic de bois: 700 madriers saisis sur la lagune \u00e0 Abidjan<\/a> est apparu en premier sur <a rel=\"nofollow\" href=\"https:\/\/www.journalducameroun.com\/\">Journal du Cameroun<\/a>.<\/p>\n<\/div>\n<p>Auteur: APA News<br \/>\n<a href=\"https:\/\/www.journalducameroun.com\/trafic-de-bois-700-madriers-saisis-sur-la-lagune-a-abidjan\/\">Cliquez ici pour lire l&rsquo;article depuis sa source.<\/a><\/p>\n","protected":false},"excerpt":{"rendered":"<p>Un \u00e9quipage nautique de la Brigade sp\u00e9ciale de surveillance et d&rsquo;intervention (BSSI), une unit\u00e9 de lutte contre la criminalit\u00e9 li\u00e9e \u00e0 la for\u00eat et aux ressources en eaux, a saisi mardi environ 700 madriers sur la lagune Ebri\u00e9, \u00e0 Abidjan. L&rsquo;\u00e9quipage nautique de la BSSI, en patrouille sur le plan de la lagune Ebri\u00e9 donnant [&hellip;]<\/p>\n","protected":false},"author":1965,"featured_media":0,"comment_status":"closed","ping_status":"closed","sticky":false,"template":"","format":"standard","meta":{"fifu_image_url":"https:\/\/www.journalducameroun.com\/wp-content\/uploads\/2022\/01\/16419322837589.jpg","fifu_image_alt":"Trafic de bois: 700 madriers saisis sur la lagune \u00e0 Abidjan","footnotes":""},"categories":[73,82],"tags":[],"class_list":["post-138280","post","type-post","status-publish","format-standard","hentry","category-actualite","category-cameroun"],"_links":{"self":[{"href":"https:\/\/linitiative.ca\/International\/wp-json\/wp\/v2\/posts\/138280","targetHints":{"allow":["GET"]}}],"collection":[{"href":"https:\/\/linitiative.ca\/International\/wp-json\/wp\/v2\/posts"}],"about":[{"href":"https:\/\/linitiative.ca\/International\/wp-json\/wp\/v2\/types\/post"}],"author":[{"embeddable":true,"href":"https:\/\/linitiative.ca\/International\/wp-json\/wp\/v2\/users\/1965"}],"replies":[{"embeddable":true,"href":"https:\/\/linitiative.ca\/International\/wp-json\/wp\/v2\/comments?post=138280"}],"version-history":[{"count":0,"href":"https:\/\/linitiative.ca\/International\/wp-json\/wp\/v2\/posts\/138280\/revisions"}],"wp:attachment":[{"href":"https:\/\/linitiative.ca\/International\/wp-json\/wp\/v2\/media?parent=138280"}],"wp:term":[{"taxonomy":"category","embeddable":true,"href":"https:\/\/linitiative.ca\/International\/wp-json\/wp\/v2\/categories?post=138280"},{"taxonomy":"post_tag","embeddable":true,"href":"https:\/\/linitiative.ca\/International\/wp-json\/wp\/v2\/tags?post=138280"}],"curies":[{"name":"wp","href":"https:\/\/api.w.org\/{rel}","templated":true}]}}