{"id":138282,"date":"2022-01-11T15:18:05","date_gmt":"2022-01-11T20:18:05","guid":{"rendered":"https:\/\/linitiative.ca\/International\/les-usa-saluent-les-mesures-de-la-cedeao-contre-le-mali\/"},"modified":"2022-01-11T15:18:05","modified_gmt":"2022-01-11T20:18:05","slug":"les-usa-saluent-les-mesures-de-la-cedeao-contre-le-mali","status":"publish","type":"post","link":"https:\/\/linitiative.ca\/International\/les-usa-saluent-les-mesures-de-la-cedeao-contre-le-mali\/","title":{"rendered":"Les USA saluent les \u00ab\u00a0mesures\u00a0\u00bb de la Cedeao contre le Mali"},"content":{"rendered":"<div>\n<p><img decoding=\"async\" width=\"770\" height=\"513\" src=\"https:\/\/linitiative.ca\/International\/wp-content\/uploads\/sites\/23\/2022\/01\/16419322862249.jpg\" class=\"attachment-post-thumbnail size-post-thumbnail wp-post-image\" alt=\"\" loading=\"lazy\" srcset=\"https:\/\/linitiative.ca\/International\/wp-content\/uploads\/sites\/23\/2022\/01\/16419322862249.jpg 770w, https:\/\/www.journalducameroun.com\/wp-content\/uploads\/2022\/01\/16419322862249-300x200.jpg 300w, https:\/\/www.journalducameroun.com\/wp-content\/uploads\/2022\/01\/16419322862249-768x512.jpg 768w, https:\/\/www.journalducameroun.com\/wp-content\/uploads\/2022\/01\/16419322862249-660x440.jpg 660w, https:\/\/www.journalducameroun.com\/wp-content\/uploads\/2022\/01\/16419322862249-600x400.jpg 600w\" sizes=\"auto, (max-width: 770px) 100vw, 770px\"><\/p>\n<p>Les \u00c9tats-Unis saluent les \u00ab\u00a0mesures vigoureuses\u00a0\u00bb prises par la Communaut\u00e9 \u00e9conomique des \u00c9tats de l&rsquo;Afrique de l&rsquo;Ouest (Cedeao) pour \u00ab\u00a0d\u00e9fendre la d\u00e9mocratie et la stabilit\u00e9 au Mali\u00a0\u00bb, dans une d\u00e9claration.<\/p>\n<p>\u00ab\u00a0Nous partageons la profonde d\u00e9ception de la Cedeao face au manque d&rsquo;action ou de progr\u00e8s du gouvernement de transition du Mali dans l&rsquo;organisation d&rsquo;\u00e9lections, comme s&rsquo;il s&rsquo;\u00e9tait engag\u00e9 \u00e0 le faire apr\u00e8s le coup d&rsquo;Etat d&rsquo;ao\u00fbt 2020\u00a0\u00bb, indique la d\u00e9claration.\u00a0<\/p>\n<p>Washington \u00ab\u00a0soutient la d\u00e9cision de la Cedeao d&rsquo;imposer des sanctions \u00e9conomiques et financi\u00e8res suppl\u00e9mentaires pour inciter le gouvernement de transition \u00e0 tenir son engagement envers le peuple malien de ramener son pays \u00e0 la d\u00e9mocratie\u00a0\u00bb.<\/p>\n<p>\u00ab\u00a0Nous relayons \u00e9galement les pr\u00e9occupations de la Cedeao quant au probable impact d\u00e9stabilisant des forces du groupe Wagner, soutenues par la Russie, au Mali\u00a0\u00bb, poursuit le texte, qui note que \u00ab\u00a0ces forces n&rsquo;apporteront pas la paix au Mali\u00a0\u00bb.<\/p>\n<p>Pour les \u00c9tats-Unis, les forces du groupe Wagner \u00ab\u00a0d\u00e9tourneront les ressources destin\u00e9es aux forces arm\u00e9es maliennes dans leur lutte contre le terrorisme\u00a0\u00bb. Selon des sources concordantes, des hommes de ce groupe ont \u00e9t\u00e9 aper\u00e7us au Mali.\u00a0<\/p>\n<p>La France et l&rsquo;Union europ\u00e9enne ont \u00e9galement exprim\u00e9 leur soutien \u00e0 la d\u00e9cision de l&rsquo;organisation sous-r\u00e9gionale contre le Mali.\u00a0<\/p>\n<p>Le Mali a d\u00e9cid\u00e9 \u00e0 son tour de fermer ses fronti\u00e8res terrestres et a\u00e9riennes avec les pays membres de la Communaut\u00e9 \u00e9conomique des Etats de l&rsquo;Afrique de l&rsquo;Ouest (Cedeao).<\/p>\n<p>En r\u00e9ponse aux lourdes sanctions \u00e9conomiques et financi\u00e8res de la Cedeao, le Mali a d\u00e9cid\u00e9 d&rsquo;appliquer la \u00ab r\u00e9ciprocit\u00e9 \u00bb. En plus de la fermeture des fronti\u00e8res, le gouvernement de transition a d\u00e9cid\u00e9 de \u00ab rappeler ses ambassadeurs \u00bb dans les pays de l&rsquo;organisation r\u00e9gionale, informe un communiqu\u00e9 du porte-parole du Gouvernement, le colonel Abdoulaye Ma\u00efga.<\/p>\n<p>\u00a0Selon le dirigeant malien, \u00ab ces mesures prises par la Cedeao contre l&rsquo;Etat malien contrastent avec les efforts fournis par le Gouvernement et sa disponibilit\u00e9 au dialogue en vue de trouver un compromis avec la Cedeao sur le chronogramme des \u00e9lections au Mali \u00bb.<\/p>\n<p>Cet article <a rel=\"nofollow\" href=\"https:\/\/www.journalducameroun.com\/les-usa-saluent-les-mesures-de-la-cedeao-contre-le-mali\/\">Les USA saluent les \u00ab\u00a0mesures\u00a0\u00bb de la Cedeao contre le Mali<\/a> est apparu en premier sur <a rel=\"nofollow\" href=\"https:\/\/www.journalducameroun.com\/\">Journal du Cameroun<\/a>.<\/p>\n<\/div>\n<p>Auteur: APA News<br \/>\n<a href=\"https:\/\/www.journalducameroun.com\/les-usa-saluent-les-mesures-de-la-cedeao-contre-le-mali\/\">Cliquez ici pour lire l&rsquo;article depuis sa source.<\/a><\/p>\n","protected":false},"excerpt":{"rendered":"<p>Les \u00c9tats-Unis saluent les \u00ab\u00a0mesures vigoureuses\u00a0\u00bb prises par la Communaut\u00e9 \u00e9conomique des \u00c9tats de l&rsquo;Afrique de l&rsquo;Ouest (Cedeao) pour \u00ab\u00a0d\u00e9fendre la d\u00e9mocratie et la stabilit\u00e9 au Mali\u00a0\u00bb, dans une d\u00e9claration. \u00ab\u00a0Nous partageons la profonde d\u00e9ception de la Cedeao face au manque d&rsquo;action ou de progr\u00e8s du gouvernement de transition du Mali dans l&rsquo;organisation d&rsquo;\u00e9lections, comme [&hellip;]<\/p>\n","protected":false},"author":1965,"featured_media":0,"comment_status":"closed","ping_status":"closed","sticky":false,"template":"","format":"standard","meta":{"fifu_image_url":"https:\/\/www.journalducameroun.com\/wp-content\/uploads\/2022\/01\/16419322862249.jpg","fifu_image_alt":"Les USA saluent les \u00ab\u00a0mesures\u00a0\u00bb de la Cedeao contre le Mali","footnotes":""},"categories":[73,82],"tags":[],"class_list":["post-138282","post","type-post","status-publish","format-standard","hentry","category-actualite","category-cameroun"],"_links":{"self":[{"href":"https:\/\/linitiative.ca\/International\/wp-json\/wp\/v2\/posts\/138282","targetHints":{"allow":["GET"]}}],"collection":[{"href":"https:\/\/linitiative.ca\/International\/wp-json\/wp\/v2\/posts"}],"about":[{"href":"https:\/\/linitiative.ca\/International\/wp-json\/wp\/v2\/types\/post"}],"author":[{"embeddable":true,"href":"https:\/\/linitiative.ca\/International\/wp-json\/wp\/v2\/users\/1965"}],"replies":[{"embeddable":true,"href":"https:\/\/linitiative.ca\/International\/wp-json\/wp\/v2\/comments?post=138282"}],"version-history":[{"count":0,"href":"https:\/\/linitiative.ca\/International\/wp-json\/wp\/v2\/posts\/138282\/revisions"}],"wp:attachment":[{"href":"https:\/\/linitiative.ca\/International\/wp-json\/wp\/v2\/media?parent=138282"}],"wp:term":[{"taxonomy":"category","embeddable":true,"href":"https:\/\/linitiative.ca\/International\/wp-json\/wp\/v2\/categories?post=138282"},{"taxonomy":"post_tag","embeddable":true,"href":"https:\/\/linitiative.ca\/International\/wp-json\/wp\/v2\/tags?post=138282"}],"curies":[{"name":"wp","href":"https:\/\/api.w.org\/{rel}","templated":true}]}}