{"id":138284,"date":"2022-01-11T16:18:03","date_gmt":"2022-01-11T21:18:03","guid":{"rendered":"https:\/\/linitiative.ca\/International\/deces-a-abidjan-de-4-personnes-dans-un-appartement\/"},"modified":"2022-01-11T16:18:03","modified_gmt":"2022-01-11T21:18:03","slug":"deces-a-abidjan-de-4-personnes-dans-un-appartement","status":"publish","type":"post","link":"https:\/\/linitiative.ca\/International\/deces-a-abidjan-de-4-personnes-dans-un-appartement\/","title":{"rendered":"D\u00e9c\u00e8s \u00e0 Abidjan de 4 personnes dans un appartement"},"content":{"rendered":"<div>\n<p><img decoding=\"async\" width=\"512\" height=\"310\" src=\"https:\/\/linitiative.ca\/International\/wp-content\/uploads\/sites\/23\/2022\/01\/16419358839698.jpg\" class=\"attachment-post-thumbnail size-post-thumbnail wp-post-image\" alt=\"\" loading=\"lazy\" srcset=\"https:\/\/linitiative.ca\/International\/wp-content\/uploads\/sites\/23\/2022\/01\/16419358839698.jpg 512w, https:\/\/www.journalducameroun.com\/wp-content\/uploads\/2022\/01\/16419358839698-300x182.jpg 300w\" sizes=\"auto, (max-width: 512px) 100vw, 512px\"><\/p>\n<p>Quelque quatre personnes prises de malaise dans un appartement de Koumassi, dans le Sud d&rsquo;Abidjan sont d\u00e9c\u00e9d\u00e9es, rapporte, mardi soir, le Groupement des sapeurs pompiers militaires (GSPM).<\/p>\n<p>Dans une note, le GSPM informe qu&rsquo;il a \u00e9t\u00e9 alert\u00e9 ce mardi \u00e0 16h45 pour \u00ab plusieurs personnes prises de malaise dans un appartement \u00e0 Koumassi, quartier Divo pr\u00e8s du centre communautaire \u00bb.<\/p>\n<p>\u00ab A l&rsquo;arriv\u00e9e 05 victimes (ont \u00e9t\u00e9 constat\u00e9es) dont 04 d\u00e9c\u00e8s certains \u00a0et 01 dans le coma \u00bb, ajoute le GSPM, pr\u00e9cisant que les victimes pr\u00e9sentaient des \u00ab vomissures et des selles pour la plupart \u00bb.<\/p>\n<p>La victime comateuse conditionn\u00e9e par le m\u00e9decin de garde a \u00e9t\u00e9 \u00e9vacu\u00e9e au Centre hospitalier universitaire (CHU) de Treichville par l&rsquo;ambulance de r\u00e9animation 11. La police et gendarmerie ont \u00e9t\u00e9 d\u00e9ploy\u00e9es les lieux.<\/p>\n<p>Cet article <a rel=\"nofollow\" href=\"https:\/\/www.journalducameroun.com\/deces-a-abidjan-de-4-personnes-dans-un-appartement\/\">D\u00e9c\u00e8s \u00e0 Abidjan de 4 personnes dans un appartement<\/a> est apparu en premier sur <a rel=\"nofollow\" href=\"https:\/\/www.journalducameroun.com\/\">Journal du Cameroun<\/a>.<\/p>\n<\/div>\n<p>Auteur: APA News<br \/>\n<a href=\"https:\/\/www.journalducameroun.com\/deces-a-abidjan-de-4-personnes-dans-un-appartement\/\">Cliquez ici pour lire l&rsquo;article depuis sa source.<\/a><\/p>\n","protected":false},"excerpt":{"rendered":"<p>Quelque quatre personnes prises de malaise dans un appartement de Koumassi, dans le Sud d&rsquo;Abidjan sont d\u00e9c\u00e9d\u00e9es, rapporte, mardi soir, le Groupement des sapeurs pompiers militaires (GSPM). Dans une note, le GSPM informe qu&rsquo;il a \u00e9t\u00e9 alert\u00e9 ce mardi \u00e0 16h45 pour \u00ab plusieurs personnes prises de malaise dans un appartement \u00e0 Koumassi, quartier Divo [&hellip;]<\/p>\n","protected":false},"author":1965,"featured_media":0,"comment_status":"closed","ping_status":"closed","sticky":false,"template":"","format":"standard","meta":{"fifu_image_url":"https:\/\/www.journalducameroun.com\/wp-content\/uploads\/2022\/01\/16419358839698.jpg","fifu_image_alt":"D\u00e9c\u00e8s \u00e0 Abidjan de 4 personnes dans un appartement","footnotes":""},"categories":[73,82],"tags":[],"class_list":["post-138284","post","type-post","status-publish","format-standard","hentry","category-actualite","category-cameroun"],"_links":{"self":[{"href":"https:\/\/linitiative.ca\/International\/wp-json\/wp\/v2\/posts\/138284","targetHints":{"allow":["GET"]}}],"collection":[{"href":"https:\/\/linitiative.ca\/International\/wp-json\/wp\/v2\/posts"}],"about":[{"href":"https:\/\/linitiative.ca\/International\/wp-json\/wp\/v2\/types\/post"}],"author":[{"embeddable":true,"href":"https:\/\/linitiative.ca\/International\/wp-json\/wp\/v2\/users\/1965"}],"replies":[{"embeddable":true,"href":"https:\/\/linitiative.ca\/International\/wp-json\/wp\/v2\/comments?post=138284"}],"version-history":[{"count":0,"href":"https:\/\/linitiative.ca\/International\/wp-json\/wp\/v2\/posts\/138284\/revisions"}],"wp:attachment":[{"href":"https:\/\/linitiative.ca\/International\/wp-json\/wp\/v2\/media?parent=138284"}],"wp:term":[{"taxonomy":"category","embeddable":true,"href":"https:\/\/linitiative.ca\/International\/wp-json\/wp\/v2\/categories?post=138284"},{"taxonomy":"post_tag","embeddable":true,"href":"https:\/\/linitiative.ca\/International\/wp-json\/wp\/v2\/tags?post=138284"}],"curies":[{"name":"wp","href":"https:\/\/api.w.org\/{rel}","templated":true}]}}