{"id":138286,"date":"2022-01-11T17:18:03","date_gmt":"2022-01-11T22:18:03","guid":{"rendered":"https:\/\/linitiative.ca\/International\/maroc-les-medicaments-anti-covid-disponibles-en-quantites-suffisantes-ministere\/"},"modified":"2022-01-11T17:18:03","modified_gmt":"2022-01-11T22:18:03","slug":"maroc-les-medicaments-anti-covid-disponibles-en-quantites-suffisantes-ministere","status":"publish","type":"post","link":"https:\/\/linitiative.ca\/International\/maroc-les-medicaments-anti-covid-disponibles-en-quantites-suffisantes-ministere\/","title":{"rendered":"Maroc: les m\u00e9dicaments anti-Covid disponibles en quantit\u00e9s suffisantes (minist\u00e8re)"},"content":{"rendered":"<div>\n<p><img decoding=\"async\" width=\"1580\" height=\"888\" src=\"https:\/\/linitiative.ca\/International\/wp-content\/uploads\/sites\/23\/2022\/01\/16419394834811.jpg\" class=\"attachment-post-thumbnail size-post-thumbnail wp-post-image\" alt=\"\" loading=\"lazy\" srcset=\"https:\/\/linitiative.ca\/International\/wp-content\/uploads\/sites\/23\/2022\/01\/16419394834811.jpg 1580w, https:\/\/www.journalducameroun.com\/wp-content\/uploads\/2022\/01\/16419394834811-300x169.jpg 300w, https:\/\/www.journalducameroun.com\/wp-content\/uploads\/2022\/01\/16419394834811-1024x576.jpg 1024w, https:\/\/www.journalducameroun.com\/wp-content\/uploads\/2022\/01\/16419394834811-768x432.jpg 768w, https:\/\/www.journalducameroun.com\/wp-content\/uploads\/2022\/01\/16419394834811-1536x863.jpg 1536w, https:\/\/www.journalducameroun.com\/wp-content\/uploads\/2022\/01\/16419394834811-380x215.jpg 380w, https:\/\/www.journalducameroun.com\/wp-content\/uploads\/2022\/01\/16419394834811-160x90.jpg 160w, https:\/\/www.journalducameroun.com\/wp-content\/uploads\/2022\/01\/16419394834811-240x135.jpg 240w, https:\/\/www.journalducameroun.com\/wp-content\/uploads\/2022\/01\/16419394834811-783x440.jpg 783w, https:\/\/www.journalducameroun.com\/wp-content\/uploads\/2022\/01\/16419394834811-600x337.jpg 600w\" sizes=\"auto, (max-width: 1580px) 100vw, 1580px\"><\/p>\n<p>Les m\u00e9dicaments essentiels prescrits dans le cadre du protocole th\u00e9rapeutique national de prise en charge des cas Covid-19 sont disponibles en quantit\u00e9s suffisantes pour couvrir la demande, a indiqu\u00e9 mardi le minist\u00e8re marocain de la Sant\u00e9 et de la protection sociale.Dans un communiqu\u00e9, le minist\u00e8re a rassur\u00e9 les citoyens sur le stock national de m\u00e9dicaments du protocole th\u00e9rapeutique national de prise en charge des cas de coronavirus, affirmant que les quantit\u00e9s disponibles de ces m\u00e9dicaments, notamment la chloroquine, l&rsquo;azithromycine, le zinc, la vitamine C, la vitamine D, le parac\u00e9tamol et l&rsquo;h\u00e9parine, sont suffisantes pour satisfaire la demande.<\/p>\n<p>Il a \u00e0 cet \u00e9gard d\u00e9menti les informations erron\u00e9es rapport\u00e9es par certains m\u00e9dias et r\u00e9seaux sociaux, selon lesquelles les m\u00e9dicaments prescrits dans le protocole th\u00e9rapeutique national Covid-19 feraient l&rsquo;objet d&rsquo;une p\u00e9nurie excessive ou d&rsquo;une rupture de stock dans les pharmacies.<\/p>\n<p>S&rsquo;agissant des carences enregistr\u00e9s pour certains m\u00e9dicaments contre le rhume, le d\u00e9partement a expliqu\u00e9 qu&rsquo;il existe de nombreux traitements g\u00e9n\u00e9riques fabriqu\u00e9s localement qui sont en mesure de couvrir cette p\u00e9nurie, dans le droit fil de la politique du minist\u00e8re visant \u00e0 encourager l&rsquo;industrie locale et les m\u00e9dicaments g\u00e9n\u00e9riques.<\/p>\n<p>En outre, le stock national de m\u00e9dicaments au Maroc fait l&rsquo;objet d&rsquo;un contr\u00f4le strict et permanent, a assur\u00e9 le minist\u00e8re, rappelant que le stock des m\u00e9dicaments essentiels est soumis \u00e0 un contr\u00f4le hebdomadaire de l&rsquo;Observatoire national du m\u00e9dicament et des produits de sant\u00e9, relevant de la Direction du m\u00e9dicament et de la pharmacie. D&rsquo;o\u00f9 une intervention proactive et imm\u00e9diate en cas de probl\u00e8me, notamment dans le contexte marqu\u00e9 par la propagation du variant \u00ab\u00a0Omicron\u00a0\u00bb, co\u00efncidant avec la saison grippale.<\/p>\n<p>Cet article <a rel=\"nofollow\" href=\"https:\/\/www.journalducameroun.com\/maroc-les-medicaments-anti-covid-disponibles-en-quantites-suffisantes-ministere\/\">Maroc: les m\u00e9dicaments anti-Covid disponibles en quantit\u00e9s suffisantes (minist\u00e8re)<\/a> est apparu en premier sur <a rel=\"nofollow\" href=\"https:\/\/www.journalducameroun.com\/\">Journal du Cameroun<\/a>.<\/p>\n<\/div>\n<p>Auteur: APA News<br \/>\n<a href=\"https:\/\/www.journalducameroun.com\/maroc-les-medicaments-anti-covid-disponibles-en-quantites-suffisantes-ministere\/\">Cliquez ici pour lire l&rsquo;article depuis sa source.<\/a><\/p>\n","protected":false},"excerpt":{"rendered":"<p>Les m\u00e9dicaments essentiels prescrits dans le cadre du protocole th\u00e9rapeutique national de prise en charge des cas Covid-19 sont disponibles en quantit\u00e9s suffisantes pour couvrir la demande, a indiqu\u00e9 mardi le minist\u00e8re marocain de la Sant\u00e9 et de la protection sociale.Dans un communiqu\u00e9, le minist\u00e8re a rassur\u00e9 les citoyens sur le stock national de m\u00e9dicaments [&hellip;]<\/p>\n","protected":false},"author":1965,"featured_media":0,"comment_status":"closed","ping_status":"closed","sticky":false,"template":"","format":"standard","meta":{"fifu_image_url":"https:\/\/www.journalducameroun.com\/wp-content\/uploads\/2022\/01\/16419394834811.jpg","fifu_image_alt":"Maroc: les m\u00e9dicaments anti-Covid disponibles en quantit\u00e9s suffisantes (minist\u00e8re)","footnotes":""},"categories":[73,82],"tags":[],"class_list":["post-138286","post","type-post","status-publish","format-standard","hentry","category-actualite","category-cameroun"],"_links":{"self":[{"href":"https:\/\/linitiative.ca\/International\/wp-json\/wp\/v2\/posts\/138286","targetHints":{"allow":["GET"]}}],"collection":[{"href":"https:\/\/linitiative.ca\/International\/wp-json\/wp\/v2\/posts"}],"about":[{"href":"https:\/\/linitiative.ca\/International\/wp-json\/wp\/v2\/types\/post"}],"author":[{"embeddable":true,"href":"https:\/\/linitiative.ca\/International\/wp-json\/wp\/v2\/users\/1965"}],"replies":[{"embeddable":true,"href":"https:\/\/linitiative.ca\/International\/wp-json\/wp\/v2\/comments?post=138286"}],"version-history":[{"count":0,"href":"https:\/\/linitiative.ca\/International\/wp-json\/wp\/v2\/posts\/138286\/revisions"}],"wp:attachment":[{"href":"https:\/\/linitiative.ca\/International\/wp-json\/wp\/v2\/media?parent=138286"}],"wp:term":[{"taxonomy":"category","embeddable":true,"href":"https:\/\/linitiative.ca\/International\/wp-json\/wp\/v2\/categories?post=138286"},{"taxonomy":"post_tag","embeddable":true,"href":"https:\/\/linitiative.ca\/International\/wp-json\/wp\/v2\/tags?post=138286"}],"curies":[{"name":"wp","href":"https:\/\/api.w.org\/{rel}","templated":true}]}}