{"id":138297,"date":"2022-01-12T05:00:38","date_gmt":"2022-01-12T10:00:38","guid":{"rendered":"https:\/\/linitiative.ca\/International\/les-grandes-lignes-de-la-nouvelle-charte-de-linvestissement-devoilees\/"},"modified":"2022-01-12T05:00:38","modified_gmt":"2022-01-12T10:00:38","slug":"les-grandes-lignes-de-la-nouvelle-charte-de-linvestissement-devoilees","status":"publish","type":"post","link":"https:\/\/linitiative.ca\/International\/les-grandes-lignes-de-la-nouvelle-charte-de-linvestissement-devoilees\/","title":{"rendered":"Les grandes lignes de la nouvelle charte de l\u2019investissement d\u00e9voil\u00e9es"},"content":{"rendered":"<div>\n<p><img loading=\"lazy\" decoding=\"async\" width=\"300\" height=\"153\" src=\"https:\/\/linitiative.ca\/International\/wp-content\/uploads\/sites\/23\/2022\/01\/investissement-300x153-1.jpg\" class=\"attachment-medium size-medium wp-post-image\" alt=\"\" srcset=\"https:\/\/linitiative.ca\/International\/wp-content\/uploads\/sites\/23\/2022\/01\/investissement-300x153-1.jpg 300w, https:\/\/aujourdhui.ma\/wp-content\/uploads\/2022\/01\/investissement-274x140.jpg 274w, https:\/\/aujourdhui.ma\/wp-content\/uploads\/2022\/01\/investissement.jpg 746w, https:\/\/aujourdhui.ma\/wp-content\/uploads\/2022\/01\/investissement-165x84.jpg 165w, https:\/\/aujourdhui.ma\/wp-content\/uploads\/2022\/01\/investissement-702x358.jpg 702w\" sizes=\"auto, (max-width: 300px) 100vw, 300px\"><\/p>\n<p><span style=\"color: #800000; font-size: 18px;\"><strong>Sa pr\u00e9sentation au Conseil de gouvernement est imminente<\/strong><\/span><span id=\"more-397189\"><\/span><\/p>\n<p>La nouvelle charte de l\u2019investissement sera incessamment pr\u00e9sent\u00e9e au Conseil de gouvernement. La confirmation a \u00e9t\u00e9 faite par Mohcine Jazouli, ministre d\u00e9l\u00e9gu\u00e9 aupr\u00e8s du chef du gouvernement, charg\u00e9 de l\u2019investissement, de la convergence et de l\u2019\u00e9valuation des politiques publiques, lors de son oral lundi 10 janvier 2022 devant la Chambre des repr\u00e9sentants. Cette nouvelle version intervient apr\u00e8s 10 ans d\u2019attente. Elle tient compte des contraintes relev\u00e9es par les 65 \u00e9bauches ayant \u00e9t\u00e9 \u00e9labor\u00e9es dans ce cadre. \u00abCette nouvelle version se caract\u00e9rise par son contenu clair et lisible par les investisseurs ainsi que par la mise en place d\u2019un nouveau syst\u00e8me d\u2019appui visant \u00e0 renforcer les incitations d\u2019investissement pour rendre l\u2019offre marocaine plus comp\u00e9titive\u00bb, explique Mohcine Jazouli.<\/p>\n<p>Parmi les autres caract\u00e9ristiques relev\u00e9es par le ministre d\u00e9l\u00e9gu\u00e9 on cite : l\u2019\u00e9largissement de la cible des b\u00e9n\u00e9ficiaires pour int\u00e9grer les Tr\u00e8s petites et moyennes entreprises dans le syst\u00e8me d\u2019appui adress\u00e9 aux investisseurs. La nouvelle charte se distingue, par ailleurs, par une forte coh\u00e9rence entre les orientations strat\u00e9giques royales, les recommandations du nouveau mod\u00e8le de d\u00e9veloppement et le programme gouvernemental et ce en mettant l\u2019accent sur les investissements cr\u00e9ateurs d\u2019emploi, sur l\u2019\u00e9quit\u00e9 territoriale dans la r\u00e9alisation des investissements ainsi que l\u2019encouragement de l\u2019investissement dans des secteurs prometteurs tels que les \u00e9nergies renouvelables, les industries, et les nouvelles technologies de la communication. \u00abL\u2019imp\u00e9ratif de la relance \u00e9conomique exige de nous de tracer une strat\u00e9gie nouvelle qui vise \u00e0 inverser la r\u00e9partition actuelle entre investissement public et investissement priv\u00e9 et \u00e0 stimuler l\u2019investissement priv\u00e9\u00bb, explique le ministre d\u00e9l\u00e9gu\u00e9.<\/p>\n<p>L\u2019objectif \u00e9tant de porter la part de l\u2019investissement priv\u00e9 \u00e0 l\u2019horizon 2035 aux deux quarts des investissements globaux contre un quart actuellement. Une orientation qui r\u00e9pond aux propositions \u00e9mises dans le cadre du nouveau mod\u00e8le de d\u00e9veloppement. Se r\u00e9f\u00e9rant \u00e0 Mohcine Jazouli, la vision de son d\u00e9partement minist\u00e9riel, fra\u00eechement cr\u00e9\u00e9, se veut claire et pr\u00e9cise. L\u2019engagement \u00e9tant de capitaliser sur les acquis de ces deux derni\u00e8res d\u00e9cennies en termes d\u2019investissement qui couvre aujourd\u2019hui 30% du PIB national, soit un taux qui d\u00e9passe largement la moyenne mondiale qui est de l\u2019ordre de 20%.<\/p>\n<p>Il est \u00e9galement question de pr\u00e9server la dynamique positive des investissements directs \u00e9trangers au niveau national et de les renforcer. Autre engagement pris, celui d\u2019orienter les investissements vers les priorit\u00e9s strat\u00e9giques du pays, en l\u2019occurrence la cr\u00e9ation de l\u2019emploi, l\u2019am\u00e9lioration de la valeur ajout\u00e9e, l\u2019\u00e9quit\u00e9 territoriale et la souverainet\u00e9 nationale. Ce nouveau cap exige par ailleurs de lever un bon nombre de d\u00e9fis \u00e0 l\u2019instar des probl\u00e9matiques li\u00e9es au foncier, aux proc\u00e9dures administratives, au co\u00fbt de l\u2019\u00e9nergie, au capital humain, au financement, aux infrastructures, \u00e0 la logistique et aux transports ainsi qu\u2019aux march\u00e9s publics. \u00abLa lev\u00e9e de ces contraintes globales est une responsabilit\u00e9 partag\u00e9e de toutes les parties prenantes, d\u2019o\u00f9 l\u2019importance du r\u00f4le que jouera notre d\u00e9partement minist\u00e9riel pour garantir les synergies entre tous les acteurs pour am\u00e9liorer le climat des affaires\u00bb.<\/p>\n<p>Le ministre d\u00e9l\u00e9gu\u00e9 rappelle par ailleurs que l\u2019atteinte de ces objectifs est tributaire d\u2019un certain nombre de m\u00e9canismes visant \u00e0 am\u00e9liorer le climat des affaires national. Le chantier ouvert dans ce sens porte sur la r\u00e9forme du cadre r\u00e9glementaire de la mobilisation du foncier, sur la modernisation des zones industrielles dans toutes les r\u00e9gions, la simplification des proc\u00e9dures d\u2019urbanisme en int\u00e9grant la dimension \u00e9conomique ainsi que la r\u00e9vision et r\u00e9forme de plusieurs textes de loi.<\/p>\n<p>Citons dans ce sens la loi 13-09 relative aux \u00e9nergies renouvelables, la loi organique 111-14 relative aux r\u00e9gions, la loi 55-19 relative \u00e0 la simplification des proc\u00e9dures et des formalit\u00e9s administratives, la loi 47-18 portant r\u00e9forme des Centres r\u00e9gionaux d\u2019investissement et cr\u00e9ation des Commissions r\u00e9gionales unifi\u00e9es d\u2019investissement ainsi que le d\u00e9cret n\u00b0 2-17-618 portant Charte nationale de la d\u00e9concentration administrative.<\/p>\n<div class=\"base-box mom_box_sc_custom mom_box_sc clear\" style=\"-moz-border-radius: 5px; border-radius: 5px;background-color:#fddeef;\">\n<p><span style=\"color: #ff0000;\"><strong>20 \u00e0 30 milliards de dirhams \u00e0 injecter par les MRE<\/strong><\/span><\/p>\n<p>Les Marocains du Monde ont un r\u00f4le important \u00e0 jouer dans cette nouvelle dynamique des investissements qui s\u2019op\u00e8re au niveau national. Mohcine Jazouli a fait part de l\u2019ambition de son d\u00e9partement d\u2019encourager davantage la communaut\u00e9 marocaine r\u00e9sidant \u00e0 l\u2019\u00e9tranger \u00e0 investir davantage dans son pays d\u2019origine. L\u2019engagement \u00e9tant d\u2019injecter 20 \u00e0 30 milliards de dirhams \u00e0 court terme ainsi que d\u2019am\u00e9liorer le taux d\u2019investissement ciblant les secteurs productifs. Le ministre a dans ce sens rappel\u00e9 le saut quantitatif observ\u00e9 en termes de transferts d\u2019argent en d\u00e9pit du contexte de crise qui s\u00e9vit depuis pr\u00e8s de deux ans au niveau national et mondial. Les envois de fonds des MRE se sont hiss\u00e9s \u00e0 fin 2021 \u00e0 100 milliards de dirhams contre 70 milliards de dirhams en 2020. Notons que 10% des transferts enregistr\u00e9s l\u2019an dernier ont \u00e9t\u00e9 canalis\u00e9s vers l\u2019investissement. Ainsi, 8 milliards de dirhams ont \u00e9t\u00e9 investis dans le secteur immobilier et 2 milliards de dirhams dans les secteurs productifs.<\/p>\n<\/div>\n<\/div>\n<p>Auteur: Kawtar Tali<br \/>\n<a href=\"https:\/\/aujourdhui.ma\/actualite\/les-grandes-lignes-de-la-nouvelle-charte-de-linvestissement-devoilees\">Cliquez ici pour lire l&rsquo;article depuis sa source.<\/a><\/p>\n","protected":false},"excerpt":{"rendered":"<p>Sa pr\u00e9sentation au Conseil de gouvernement est imminente La nouvelle charte de l\u2019investissement sera incessamment pr\u00e9sent\u00e9e au Conseil de gouvernement. La confirmation a \u00e9t\u00e9 faite par Mohcine Jazouli, ministre d\u00e9l\u00e9gu\u00e9 aupr\u00e8s du chef du gouvernement, charg\u00e9 de l\u2019investissement, de la convergence et de l\u2019\u00e9valuation des politiques publiques, lors de son oral lundi 10 janvier 2022 [&hellip;]<\/p>\n","protected":false},"author":1759,"featured_media":0,"comment_status":"closed","ping_status":"closed","sticky":false,"template":"","format":"standard","meta":{"fifu_image_url":"https:\/\/aujourdhui.ma\/wp-content\/uploads\/2022\/01\/investissement-300x153.jpg","fifu_image_alt":"Les grandes lignes de la nouvelle charte de l\u2019investissement d\u00e9voil\u00e9es","footnotes":""},"categories":[73,54],"tags":[],"class_list":["post-138297","post","type-post","status-publish","format-standard","hentry","category-actualite","category-maroc"],"_links":{"self":[{"href":"https:\/\/linitiative.ca\/International\/wp-json\/wp\/v2\/posts\/138297","targetHints":{"allow":["GET"]}}],"collection":[{"href":"https:\/\/linitiative.ca\/International\/wp-json\/wp\/v2\/posts"}],"about":[{"href":"https:\/\/linitiative.ca\/International\/wp-json\/wp\/v2\/types\/post"}],"author":[{"embeddable":true,"href":"https:\/\/linitiative.ca\/International\/wp-json\/wp\/v2\/users\/1759"}],"replies":[{"embeddable":true,"href":"https:\/\/linitiative.ca\/International\/wp-json\/wp\/v2\/comments?post=138297"}],"version-history":[{"count":0,"href":"https:\/\/linitiative.ca\/International\/wp-json\/wp\/v2\/posts\/138297\/revisions"}],"wp:attachment":[{"href":"https:\/\/linitiative.ca\/International\/wp-json\/wp\/v2\/media?parent=138297"}],"wp:term":[{"taxonomy":"category","embeddable":true,"href":"https:\/\/linitiative.ca\/International\/wp-json\/wp\/v2\/categories?post=138297"},{"taxonomy":"post_tag","embeddable":true,"href":"https:\/\/linitiative.ca\/International\/wp-json\/wp\/v2\/tags?post=138297"}],"curies":[{"name":"wp","href":"https:\/\/api.w.org\/{rel}","templated":true}]}}