{"id":138313,"date":"2022-01-12T09:19:00","date_gmt":"2022-01-12T14:19:00","guid":{"rendered":"https:\/\/linitiative.ca\/International\/tunisie-imposition-dun-couvre-feu-nocturne-pendant-deux-semaines\/"},"modified":"2022-01-12T09:19:00","modified_gmt":"2022-01-12T14:19:00","slug":"tunisie-imposition-dun-couvre-feu-nocturne-pendant-deux-semaines","status":"publish","type":"post","link":"https:\/\/linitiative.ca\/International\/tunisie-imposition-dun-couvre-feu-nocturne-pendant-deux-semaines\/","title":{"rendered":"Tunisie: imposition d&rsquo;un couvre-feu nocturne pendant deux semaines"},"content":{"rendered":"<div>Le gouvernement tunisien a annonc\u00e9 mercredi l&rsquo;imposition d&rsquo;un couvre-feu nocturne pendant au moins deux semaines, face \u00e0 une reprise fulgurante de l&rsquo;\u00e9pid\u00e9mie de Covid-19 dans le pays.<\/div>\n<p>Auteur:<br \/>\n<a href=\"https:\/\/www.liberte-algerie.com\/international\/tunisie-imposition-dun-couvre-feu-nocturne-pendant-deux-semaines-371506\">Cliquez ici pour lire l&rsquo;article depuis sa source.<\/a><\/p>\n","protected":false},"excerpt":{"rendered":"<p>Le gouvernement tunisien a annonc\u00e9 mercredi l&rsquo;imposition d&rsquo;un couvre-feu nocturne pendant au moins deux semaines, face \u00e0 une reprise fulgurante de l&rsquo;\u00e9pid\u00e9mie de Covid-19 dans le pays. Auteur: Cliquez ici pour lire l&rsquo;article depuis sa source.<\/p>\n","protected":false},"author":1742,"featured_media":0,"comment_status":"closed","ping_status":"closed","sticky":false,"template":"","format":"standard","meta":{"fifu_image_url":"","fifu_image_alt":"","footnotes":""},"categories":[73,53],"tags":[],"class_list":["post-138313","post","type-post","status-publish","format-standard","hentry","category-actualite","category-algerie"],"_links":{"self":[{"href":"https:\/\/linitiative.ca\/International\/wp-json\/wp\/v2\/posts\/138313","targetHints":{"allow":["GET"]}}],"collection":[{"href":"https:\/\/linitiative.ca\/International\/wp-json\/wp\/v2\/posts"}],"about":[{"href":"https:\/\/linitiative.ca\/International\/wp-json\/wp\/v2\/types\/post"}],"author":[{"embeddable":true,"href":"https:\/\/linitiative.ca\/International\/wp-json\/wp\/v2\/users\/1742"}],"replies":[{"embeddable":true,"href":"https:\/\/linitiative.ca\/International\/wp-json\/wp\/v2\/comments?post=138313"}],"version-history":[{"count":0,"href":"https:\/\/linitiative.ca\/International\/wp-json\/wp\/v2\/posts\/138313\/revisions"}],"wp:attachment":[{"href":"https:\/\/linitiative.ca\/International\/wp-json\/wp\/v2\/media?parent=138313"}],"wp:term":[{"taxonomy":"category","embeddable":true,"href":"https:\/\/linitiative.ca\/International\/wp-json\/wp\/v2\/categories?post=138313"},{"taxonomy":"post_tag","embeddable":true,"href":"https:\/\/linitiative.ca\/International\/wp-json\/wp\/v2\/tags?post=138313"}],"curies":[{"name":"wp","href":"https:\/\/api.w.org\/{rel}","templated":true}]}}