{"id":138314,"date":"2022-01-12T08:44:26","date_gmt":"2022-01-12T13:44:26","guid":{"rendered":"https:\/\/linitiative.ca\/International\/manifeste-de-lindependance-celebration-du-78e-anniversaire\/"},"modified":"2022-01-12T08:44:26","modified_gmt":"2022-01-12T13:44:26","slug":"manifeste-de-lindependance-celebration-du-78e-anniversaire","status":"publish","type":"post","link":"https:\/\/linitiative.ca\/International\/manifeste-de-lindependance-celebration-du-78e-anniversaire\/","title":{"rendered":"Manifeste de l\u2019Ind\u00e9pendance: C\u00e9l\u00e9bration du 78\u00e8 anniversaire"},"content":{"rendered":"<div>\n<div style=\"margin-bottom:20px;\"><img loading=\"lazy\" decoding=\"async\" width=\"750\" height=\"430\" src=\"https:\/\/linitiative.ca\/International\/wp-content\/uploads\/sites\/23\/2022\/01\/manifeste-copier.jpg\" class=\"attachment-post-thumbnail size-post-thumbnail wp-post-image\" alt=\"\" srcset=\"https:\/\/linitiative.ca\/International\/wp-content\/uploads\/sites\/23\/2022\/01\/manifeste-copier.jpg 750w, https:\/\/www.mapmarrakech.ma\/map\/uploads\/2022\/01\/manifeste-copier-300x172.jpg 300w\" sizes=\"auto, (max-width: 750px) 100vw, 750px\"><\/div>\n<p>Cette rencontre, marqu\u00e9e par la participation notamment des femmes et hommes du mouvement national, de la r\u00e9sistance et de l\u2019arm\u00e9e de lib\u00e9ration et des acteurs de la soci\u00e9t\u00e9 civile, vient cl\u00f4turer une s\u00e9rie d\u2019activit\u00e9s organis\u00e9es par le HCAR en c\u00e9l\u00e9bration de ce moment charni\u00e8re de la lutte pour la libert\u00e9 et le recouvrement de l\u2019ind\u00e9pendance.<\/p>\n<p>Intervenant \u00e0 l\u2019ouverture de cet \u00e9v\u00e9nement, le D\u00e9l\u00e9gu\u00e9 r\u00e9gional du HCAR, M. Mohamed Joulal, a soulign\u00e9 que cet \u00e9v\u00e9nement phare et ce tournant d\u00e9cisif dans l\u2019histoire de la r\u00e9sistance nationale pour le recouvrement de l\u2019Ind\u00e9pendance traduit la parfaite symbiose entre le Tr\u00f4ne Alaouite et le peuple marocain pour la d\u00e9fense des constantes sacr\u00e9es de la nation, son unit\u00e9 et son int\u00e9grit\u00e9 territoriale.<\/p>\n<p>La pr\u00e9sentation du Manifeste de l\u2019Ind\u00e9pendance, qui a d\u00e9clench\u00e9 la phase de revendication publique de l\u2019ind\u00e9pendance, repr\u00e9sente l\u2019aboutissement du processus de lutte nationale pour le recouvrement de la souverainet\u00e9, a-t-il rappel\u00e9, mettant l\u2019accent sur les phases de la lutte arm\u00e9e des Marocains depuis l\u2019instauration du Protectorat en 1912, en partant des \u00e9meutes de F\u00e8s en avril 1912, jusqu\u2019\u00e0 la Pr\u00e9sentation du Manifeste de l\u2019ind\u00e9pendance le 11 janvier 1944.<\/p>\n<p>Dans ce cadre, M. Joulal a tenu \u00e0 rappeler le contexte historique et politique de la pr\u00e9sentation du Manifeste de l\u2019ind\u00e9pendance, fruit d\u2019un pacte et d\u2019une grande concertation entre le Sultan feu Mohammed V et les leaders de la r\u00e9sistance nationale.<\/p>\n<p>Et de relever que la c\u00e9l\u00e9bration de cet \u00e9v\u00e9nement phare de l\u2019histoire de la r\u00e9sistance nationale offre l\u2019opportunit\u00e9 pour la famille de la r\u00e9sistance pour renouveler sa mobilisation constante derri\u00e8re Sa Majest\u00e9 le Roi Mohammed VI pour la d\u00e9fense de l\u2019int\u00e9grit\u00e9 territoriale du Maroc, la consolidation des acquis nationaux et la poursuite du processus de d\u00e9veloppement socio\u00e9conomique.<\/p>\n<p>Dans ce sens, il a soulign\u00e9 que la c\u00e9l\u00e9bration de cet \u00e9v\u00e9nement phare vise \u00e0 relier le pr\u00e9sent au pass\u00e9 et au futur et offre l\u2019opportunit\u00e9 pour rendre hommage aux martyrs de la Nation en reconnaissance de leurs \u00e9normes sacrifices en faveur du recouvrement de l\u2019ind\u00e9pendance.<\/p>\n<p>Au menu des activit\u00e9s programm\u00e9es par la D\u00e9l\u00e9gation r\u00e9gionale du HCAR, les d\u00e9l\u00e9gations provinciales et les espaces de la m\u00e9moire historique de la r\u00e9sistance et de la lib\u00e9ration en c\u00e9l\u00e9bration du 78\u00e8 anniversaire de la pr\u00e9sentation du Manifeste de l\u2019Ind\u00e9pendance figurent notamment des conf\u00e9rences, des tables rondes, des visites guid\u00e9es au profit des \u00e9tudiants et des \u00e9l\u00e8ves des \u00e9tablissements scolaires \u00e0 l\u2019Espace de la m\u00e9moire historique de la r\u00e9sistance et de la lib\u00e9ration \u00e0 Marrakech ainsi que la projection de films documentaires, mettant en exergue l\u2019histoire de la r\u00e9sistance nationale.<\/p>\n<p>The post <a rel=\"nofollow\" href=\"https:\/\/www.mapmarrakech.ma\/fr\/celebration-de-lanniversaire-de-la-presentation-du-manifeste-de-lindependance\/\">Manifeste de l\u2019Ind\u00e9pendance: C\u00e9l\u00e9bration du 78\u00e8 anniversaire<\/a> appeared first on <a rel=\"nofollow\" href=\"https:\/\/www.mapmarrakech.ma\/fr\">MapMarrakech<\/a>.<\/p>\n<\/div>\n<p>Auteur: Meriem IGASS<br \/>\n<a href=\"https:\/\/www.mapmarrakech.ma\/fr\/celebration-de-lanniversaire-de-la-presentation-du-manifeste-de-lindependance\/\">Cliquez ici pour lire l&rsquo;article depuis sa source.<\/a><\/p>\n","protected":false},"excerpt":{"rendered":"<p>Cette rencontre, marqu\u00e9e par la participation notamment des femmes et hommes du mouvement national, de la r\u00e9sistance et de l\u2019arm\u00e9e de lib\u00e9ration et des acteurs de la soci\u00e9t\u00e9 civile, vient cl\u00f4turer une s\u00e9rie d\u2019activit\u00e9s organis\u00e9es par le HCAR en c\u00e9l\u00e9bration de ce moment charni\u00e8re de la lutte pour la libert\u00e9 et le recouvrement de l\u2019ind\u00e9pendance. [&hellip;]<\/p>\n","protected":false},"author":1788,"featured_media":0,"comment_status":"closed","ping_status":"closed","sticky":false,"template":"","format":"standard","meta":{"fifu_image_url":"https:\/\/www.mapmarrakech.ma\/map\/uploads\/2022\/01\/manifeste-copier.jpg","fifu_image_alt":"Manifeste de l\u2019Ind\u00e9pendance: C\u00e9l\u00e9bration du 78\u00e8 anniversaire","footnotes":""},"categories":[54,76],"tags":[],"class_list":["post-138314","post","type-post","status-publish","format-standard","hentry","category-maroc","category-regions"],"_links":{"self":[{"href":"https:\/\/linitiative.ca\/International\/wp-json\/wp\/v2\/posts\/138314","targetHints":{"allow":["GET"]}}],"collection":[{"href":"https:\/\/linitiative.ca\/International\/wp-json\/wp\/v2\/posts"}],"about":[{"href":"https:\/\/linitiative.ca\/International\/wp-json\/wp\/v2\/types\/post"}],"author":[{"embeddable":true,"href":"https:\/\/linitiative.ca\/International\/wp-json\/wp\/v2\/users\/1788"}],"replies":[{"embeddable":true,"href":"https:\/\/linitiative.ca\/International\/wp-json\/wp\/v2\/comments?post=138314"}],"version-history":[{"count":0,"href":"https:\/\/linitiative.ca\/International\/wp-json\/wp\/v2\/posts\/138314\/revisions"}],"wp:attachment":[{"href":"https:\/\/linitiative.ca\/International\/wp-json\/wp\/v2\/media?parent=138314"}],"wp:term":[{"taxonomy":"category","embeddable":true,"href":"https:\/\/linitiative.ca\/International\/wp-json\/wp\/v2\/categories?post=138314"},{"taxonomy":"post_tag","embeddable":true,"href":"https:\/\/linitiative.ca\/International\/wp-json\/wp\/v2\/tags?post=138314"}],"curies":[{"name":"wp","href":"https:\/\/api.w.org\/{rel}","templated":true}]}}