{"id":138318,"date":"2022-01-12T09:58:35","date_gmt":"2022-01-12T14:58:35","guid":{"rendered":"https:\/\/linitiative.ca\/International\/la-famille-de-la-resistance-celebre-lanniversaire-de-la-presentation-du-manifeste-de-lindependance\/"},"modified":"2022-01-12T09:58:35","modified_gmt":"2022-01-12T14:58:35","slug":"la-famille-de-la-resistance-celebre-lanniversaire-de-la-presentation-du-manifeste-de-lindependance","status":"publish","type":"post","link":"https:\/\/linitiative.ca\/International\/la-famille-de-la-resistance-celebre-lanniversaire-de-la-presentation-du-manifeste-de-lindependance\/","title":{"rendered":"La famille de la r\u00e9sistance c\u00e9l\u00e8bre l\u2019anniversaire de la pr\u00e9sentation du Manifeste de l\u2019Ind\u00e9pendance"},"content":{"rendered":"<div>\n<div style=\"margin-bottom:20px;\"><img loading=\"lazy\" decoding=\"async\" width=\"750\" height=\"430\" src=\"https:\/\/linitiative.ca\/International\/wp-content\/uploads\/sites\/23\/2022\/01\/video-3.jpg\" class=\"attachment-post-thumbnail size-post-thumbnail wp-post-image\" alt=\"\" srcset=\"https:\/\/linitiative.ca\/International\/wp-content\/uploads\/sites\/23\/2022\/01\/video-3.jpg 750w, https:\/\/www.mapmarrakech.ma\/map\/uploads\/2022\/01\/video-3-300x172.jpg 300w\" sizes=\"auto, (max-width: 750px) 100vw, 750px\"><\/div>\n<p>The post <a rel=\"nofollow\" href=\"https:\/\/www.mapmarrakech.ma\/fr\/la-famille-de-la-resistance-celebre-lanniversaire-de-la-presentation-du-manifeste-de-lindependance\/\">La famille de la r\u00e9sistance c\u00e9l\u00e8bre l\u2019anniversaire de la pr\u00e9sentation du Manifeste de l\u2019Ind\u00e9pendance<\/a> appeared first on <a rel=\"nofollow\" href=\"https:\/\/www.mapmarrakech.ma\/fr\">MapMarrakech<\/a>.<\/p>\n<\/div>\n<p>Auteur: Meriem IGASS<br \/>\n<a href=\"https:\/\/www.mapmarrakech.ma\/fr\/la-famille-de-la-resistance-celebre-lanniversaire-de-la-presentation-du-manifeste-de-lindependance\/\">Cliquez ici pour lire l&rsquo;article depuis sa source.<\/a><\/p>\n","protected":false},"excerpt":{"rendered":"<p>The post La famille de la r\u00e9sistance c\u00e9l\u00e8bre l\u2019anniversaire de la pr\u00e9sentation du Manifeste de l\u2019Ind\u00e9pendance appeared first on MapMarrakech. Auteur: Meriem IGASS Cliquez ici pour lire l&rsquo;article depuis sa source.<\/p>\n","protected":false},"author":1788,"featured_media":0,"comment_status":"closed","ping_status":"closed","sticky":false,"template":"","format":"standard","meta":{"fifu_image_url":"https:\/\/www.mapmarrakech.ma\/map\/uploads\/2022\/01\/video-3.jpg","fifu_image_alt":"La famille de la r\u00e9sistance c\u00e9l\u00e8bre l\u2019anniversaire de la pr\u00e9sentation du Manifeste de l\u2019Ind\u00e9pendance","footnotes":""},"categories":[54,76],"tags":[],"class_list":["post-138318","post","type-post","status-publish","format-standard","hentry","category-maroc","category-regions"],"_links":{"self":[{"href":"https:\/\/linitiative.ca\/International\/wp-json\/wp\/v2\/posts\/138318","targetHints":{"allow":["GET"]}}],"collection":[{"href":"https:\/\/linitiative.ca\/International\/wp-json\/wp\/v2\/posts"}],"about":[{"href":"https:\/\/linitiative.ca\/International\/wp-json\/wp\/v2\/types\/post"}],"author":[{"embeddable":true,"href":"https:\/\/linitiative.ca\/International\/wp-json\/wp\/v2\/users\/1788"}],"replies":[{"embeddable":true,"href":"https:\/\/linitiative.ca\/International\/wp-json\/wp\/v2\/comments?post=138318"}],"version-history":[{"count":0,"href":"https:\/\/linitiative.ca\/International\/wp-json\/wp\/v2\/posts\/138318\/revisions"}],"wp:attachment":[{"href":"https:\/\/linitiative.ca\/International\/wp-json\/wp\/v2\/media?parent=138318"}],"wp:term":[{"taxonomy":"category","embeddable":true,"href":"https:\/\/linitiative.ca\/International\/wp-json\/wp\/v2\/categories?post=138318"},{"taxonomy":"post_tag","embeddable":true,"href":"https:\/\/linitiative.ca\/International\/wp-json\/wp\/v2\/tags?post=138318"}],"curies":[{"name":"wp","href":"https:\/\/api.w.org\/{rel}","templated":true}]}}