{"id":138324,"date":"2022-01-12T09:22:00","date_gmt":"2022-01-12T14:22:00","guid":{"rendered":"https:\/\/linitiative.ca\/International\/creation-demplois-akhannouch-lance-officiellement-awrach\/"},"modified":"2022-01-12T09:22:00","modified_gmt":"2022-01-12T14:22:00","slug":"creation-demplois-akhannouch-lance-officiellement-awrach","status":"publish","type":"post","link":"https:\/\/linitiative.ca\/International\/creation-demplois-akhannouch-lance-officiellement-awrach\/","title":{"rendered":"Cr\u00e9ation d&#8217;emplois: Akhannouch lance officiellement  \u00ab\u00a0Awrach\u00a0\u00bb"},"content":{"rendered":"<div>\n<div class=\"field field-name-body field-type-text-with-summary field-label-hidden\">\n<div class=\"field-items\">\n<div class=\"field-item even\" property=\"content:encoded\">\n<p>Visant la cr\u00e9ation de 250.000 emplois directs dans le cadre de chantiers publics temporaires durant les ann\u00e9es 2022 et 2023, la circulaire du Chef du gouvernement relative au lancement du programme \u00ab\u00a0Awrach\u00a0\u00bb a \u00e9t\u00e9 sign\u00e9e, mercredi.<\/p>\n<p>Le document a \u00e9t\u00e9 adress\u00e9 aux ministres, ministres d\u00e9l\u00e9gu\u00e9s, Hauts commissaires et au d\u00e9l\u00e9gu\u00e9 g\u00e9n\u00e9ral pour \u0153uvrer \u00e0 la concr\u00e9tisation de ses contenus, indique le d\u00e9partement du Chef de gouvernement.<\/p>\n<\/div>\n<\/div>\n<\/div>\n<\/div>\n<p>Auteur: mbasraoui<br \/>\n<a href=\"https:\/\/www.leconomiste.com\/flash-infos\/creation-d-emplois-akhannouch-lance-officiellement-awrach\">Cliquez ici pour lire l&rsquo;article depuis sa source.<\/a><\/p>\n","protected":false},"excerpt":{"rendered":"<p>Visant la cr\u00e9ation de 250.000 emplois directs dans le cadre de chantiers publics temporaires durant les ann\u00e9es 2022 et 2023, la circulaire du Chef du gouvernement relative au lancement du programme \u00ab\u00a0Awrach\u00a0\u00bb a \u00e9t\u00e9 sign\u00e9e, mercredi. Le document a \u00e9t\u00e9 adress\u00e9 aux ministres, ministres d\u00e9l\u00e9gu\u00e9s, Hauts commissaires et au d\u00e9l\u00e9gu\u00e9 g\u00e9n\u00e9ral pour \u0153uvrer \u00e0 la [&hellip;]<\/p>\n","protected":false},"author":1763,"featured_media":0,"comment_status":"closed","ping_status":"closed","sticky":false,"template":"","format":"standard","meta":{"fifu_image_url":"","fifu_image_alt":"","footnotes":""},"categories":[78,54],"tags":[],"class_list":["post-138324","post","type-post","status-publish","format-standard","hentry","category-economie","category-maroc"],"_links":{"self":[{"href":"https:\/\/linitiative.ca\/International\/wp-json\/wp\/v2\/posts\/138324","targetHints":{"allow":["GET"]}}],"collection":[{"href":"https:\/\/linitiative.ca\/International\/wp-json\/wp\/v2\/posts"}],"about":[{"href":"https:\/\/linitiative.ca\/International\/wp-json\/wp\/v2\/types\/post"}],"author":[{"embeddable":true,"href":"https:\/\/linitiative.ca\/International\/wp-json\/wp\/v2\/users\/1763"}],"replies":[{"embeddable":true,"href":"https:\/\/linitiative.ca\/International\/wp-json\/wp\/v2\/comments?post=138324"}],"version-history":[{"count":0,"href":"https:\/\/linitiative.ca\/International\/wp-json\/wp\/v2\/posts\/138324\/revisions"}],"wp:attachment":[{"href":"https:\/\/linitiative.ca\/International\/wp-json\/wp\/v2\/media?parent=138324"}],"wp:term":[{"taxonomy":"category","embeddable":true,"href":"https:\/\/linitiative.ca\/International\/wp-json\/wp\/v2\/categories?post=138324"},{"taxonomy":"post_tag","embeddable":true,"href":"https:\/\/linitiative.ca\/International\/wp-json\/wp\/v2\/tags?post=138324"}],"curies":[{"name":"wp","href":"https:\/\/api.w.org\/{rel}","templated":true}]}}