{"id":138325,"date":"2022-01-12T09:41:43","date_gmt":"2022-01-12T14:41:43","guid":{"rendered":"https:\/\/linitiative.ca\/International\/croissance-le-maroc-en-mode-acceleration\/"},"modified":"2022-01-12T09:41:43","modified_gmt":"2022-01-12T14:41:43","slug":"croissance-le-maroc-en-mode-acceleration","status":"publish","type":"post","link":"https:\/\/linitiative.ca\/International\/croissance-le-maroc-en-mode-acceleration\/","title":{"rendered":"Croissance : le Maroc en mode acc\u00e9l\u00e9ration"},"content":{"rendered":"<div>\n<div class=\"field field-name-body field-type-text-with-summary field-label-hidden\">\n<div class=\"field-items\">\n<div class=\"field-item even\" property=\"content:encoded\">\n<p class=\"rtejustify\">Le Maroc a connu la r\u00e9cession en 2020 \u00e0 cause de la pand\u00e9mie de Covid-19, mais le Royaume est entr\u00e9 dans une phase d&rsquo;acc\u00e9l\u00e9ration de la croissance \u00e9conomique soutenue principalement par la reprise du secteur agricole et la relance de la demande ext\u00e9rieure, selon la Banque Mondiale (BM).<\/p>\n<\/div>\n<\/div>\n<\/div>\n<\/div>\n<p>Auteur: mbasraoui<br \/>\n<a href=\"https:\/\/www.leconomiste.com\/flash-infos\/croissance-le-maroc-en-mode-acceleration\">Cliquez ici pour lire l&rsquo;article depuis sa source.<\/a><\/p>\n","protected":false},"excerpt":{"rendered":"<p>Le Maroc a connu la r\u00e9cession en 2020 \u00e0 cause de la pand\u00e9mie de Covid-19, mais le Royaume est entr\u00e9 dans une phase d&rsquo;acc\u00e9l\u00e9ration de la croissance \u00e9conomique soutenue principalement par la reprise du secteur agricole et la relance de la demande ext\u00e9rieure, selon la Banque Mondiale (BM). Auteur: mbasraoui Cliquez ici pour lire l&rsquo;article [&hellip;]<\/p>\n","protected":false},"author":1763,"featured_media":0,"comment_status":"closed","ping_status":"closed","sticky":false,"template":"","format":"standard","meta":{"fifu_image_url":"","fifu_image_alt":"","footnotes":""},"categories":[78,54],"tags":[],"class_list":["post-138325","post","type-post","status-publish","format-standard","hentry","category-economie","category-maroc"],"_links":{"self":[{"href":"https:\/\/linitiative.ca\/International\/wp-json\/wp\/v2\/posts\/138325","targetHints":{"allow":["GET"]}}],"collection":[{"href":"https:\/\/linitiative.ca\/International\/wp-json\/wp\/v2\/posts"}],"about":[{"href":"https:\/\/linitiative.ca\/International\/wp-json\/wp\/v2\/types\/post"}],"author":[{"embeddable":true,"href":"https:\/\/linitiative.ca\/International\/wp-json\/wp\/v2\/users\/1763"}],"replies":[{"embeddable":true,"href":"https:\/\/linitiative.ca\/International\/wp-json\/wp\/v2\/comments?post=138325"}],"version-history":[{"count":0,"href":"https:\/\/linitiative.ca\/International\/wp-json\/wp\/v2\/posts\/138325\/revisions"}],"wp:attachment":[{"href":"https:\/\/linitiative.ca\/International\/wp-json\/wp\/v2\/media?parent=138325"}],"wp:term":[{"taxonomy":"category","embeddable":true,"href":"https:\/\/linitiative.ca\/International\/wp-json\/wp\/v2\/categories?post=138325"},{"taxonomy":"post_tag","embeddable":true,"href":"https:\/\/linitiative.ca\/International\/wp-json\/wp\/v2\/tags?post=138325"}],"curies":[{"name":"wp","href":"https:\/\/api.w.org\/{rel}","templated":true}]}}