{"id":138327,"date":"2022-01-12T10:00:00","date_gmt":"2022-01-12T15:00:00","guid":{"rendered":"https:\/\/linitiative.ca\/International\/can-2021-la-tunisie-sincline-face-au-mali\/"},"modified":"2022-01-12T10:00:00","modified_gmt":"2022-01-12T15:00:00","slug":"can-2021-la-tunisie-sincline-face-au-mali","status":"publish","type":"post","link":"https:\/\/linitiative.ca\/International\/can-2021-la-tunisie-sincline-face-au-mali\/","title":{"rendered":"CAN 2021 : La Tunisie s&rsquo;incline face au Mali"},"content":{"rendered":"<div>Pour son entr\u00e9e en lice dans la CAN, le Mali a remport\u00e9 le choc du groupe F contre la Tunisie (1-0), ce mercredi \u00e0 Limb\u00e9.<\/div>\n<p>Auteur:<br \/>\n<a href=\"https:\/\/www.lebuteur.com\/article\/detail?titre=can-2021-la-tunisie-sincline-face-au-mali&#038;id=102051\">Cliquez ici pour lire l&rsquo;article depuis sa source.<\/a><\/p>\n","protected":false},"excerpt":{"rendered":"<p>Pour son entr\u00e9e en lice dans la CAN, le Mali a remport\u00e9 le choc du groupe F contre la Tunisie (1-0), ce mercredi \u00e0 Limb\u00e9. Auteur: Cliquez ici pour lire l&rsquo;article depuis sa source.<\/p>\n","protected":false},"author":1738,"featured_media":0,"comment_status":"closed","ping_status":"closed","sticky":false,"template":"","format":"standard","meta":{"fifu_image_url":"","fifu_image_alt":"","footnotes":""},"categories":[53,75],"tags":[],"class_list":["post-138327","post","type-post","status-publish","format-standard","hentry","category-algerie","category-sport"],"_links":{"self":[{"href":"https:\/\/linitiative.ca\/International\/wp-json\/wp\/v2\/posts\/138327","targetHints":{"allow":["GET"]}}],"collection":[{"href":"https:\/\/linitiative.ca\/International\/wp-json\/wp\/v2\/posts"}],"about":[{"href":"https:\/\/linitiative.ca\/International\/wp-json\/wp\/v2\/types\/post"}],"author":[{"embeddable":true,"href":"https:\/\/linitiative.ca\/International\/wp-json\/wp\/v2\/users\/1738"}],"replies":[{"embeddable":true,"href":"https:\/\/linitiative.ca\/International\/wp-json\/wp\/v2\/comments?post=138327"}],"version-history":[{"count":0,"href":"https:\/\/linitiative.ca\/International\/wp-json\/wp\/v2\/posts\/138327\/revisions"}],"wp:attachment":[{"href":"https:\/\/linitiative.ca\/International\/wp-json\/wp\/v2\/media?parent=138327"}],"wp:term":[{"taxonomy":"category","embeddable":true,"href":"https:\/\/linitiative.ca\/International\/wp-json\/wp\/v2\/categories?post=138327"},{"taxonomy":"post_tag","embeddable":true,"href":"https:\/\/linitiative.ca\/International\/wp-json\/wp\/v2\/tags?post=138327"}],"curies":[{"name":"wp","href":"https:\/\/api.w.org\/{rel}","templated":true}]}}