{"id":138332,"date":"2022-01-12T04:36:00","date_gmt":"2022-01-12T09:36:00","guid":{"rendered":"https:\/\/linitiative.ca\/International\/sofiane-zribi-linsomnie-la-connaitre-et-la-combattre\/"},"modified":"2022-01-12T04:36:00","modified_gmt":"2022-01-12T09:36:00","slug":"sofiane-zribi-linsomnie-la-connaitre-et-la-combattre","status":"publish","type":"post","link":"https:\/\/linitiative.ca\/International\/sofiane-zribi-linsomnie-la-connaitre-et-la-combattre\/","title":{"rendered":"Sofiane Zribi &#8211; L\u2019insomnie : la conna\u00eetre et la combattre"},"content":{"rendered":"<div><img decoding=\"async\" src=\"https:\/\/linitiative.ca\/International\/wp-content\/uploads\/sites\/23\/2022\/01\/1641977558_article.jpg\" alt=\"Sofiane Zribi - L\u2019insomnie : la conna\u00eetre et la combattre\" align=\"left\">Le philosophe allemand Arthur Schopenhauer disait \u201cLe sommeil est un emprunt fait \u00e0 la mort pour l\u2019entretien de la vie.\u201d ! Il n\u2019avait pas tellement tort tant ses contemporains qualifiaient le sommeil de petite mort. On voyait dans le sommeil un ph\u00e9nom\u00e8ne passif, une sorte de repos o\u00f9 la vie psychique cesse de s\u2019activer, o\u00f9 l\u2019homme se livre \u00e0 ses r\u00eaves les plus fous totalement en rupture avec la r\u00e9alit\u00e9.<br \/>\nL&rsquo;humanit\u00e9 devait attendre le XIXe si\u00e8cle pour que le ph\u00e9nom\u00e8ne du sommeil soit explicit\u00e9, autrement que par des raisonnements philosophiques.<br \/>\nSigmund Freud publia en 1899 son fameux livre L\u2019interpr\u00e9tation des r\u00eaves, o\u00f9 il explique que loin d\u2019\u00eatre un &#8230;<\/p>\n<\/div>\n<p>Auteur:<br \/>\n<a href=\"https:\/\/www.leaders.com.tn\/article\/32855-sofiane-zribi-l-insomnie-la-connaitre-et-la-combattre\">Cliquez ici pour lire l&rsquo;article depuis sa source.<\/a><\/p>\n","protected":false},"excerpt":{"rendered":"<p>Le philosophe allemand Arthur Schopenhauer disait \u201cLe sommeil est un emprunt fait \u00e0 la mort pour l\u2019entretien de la vie.\u201d ! Il n\u2019avait pas tellement tort tant ses contemporains qualifiaient le sommeil de petite mort. On voyait dans le sommeil un ph\u00e9nom\u00e8ne passif, une sorte de repos o\u00f9 la vie psychique cesse de s\u2019activer, o\u00f9 [&hellip;]<\/p>\n","protected":false},"author":1772,"featured_media":0,"comment_status":"closed","ping_status":"closed","sticky":false,"template":"","format":"standard","meta":{"fifu_image_url":"http:\/\/www.leaders.com.tn\/uploads\/content\/thumbnails_small\/1641977558_article.jpg","fifu_image_alt":"Sofiane Zribi - L\u2019insomnie : la conna\u00eetre et la combattre","footnotes":""},"categories":[73,55],"tags":[],"class_list":["post-138332","post","type-post","status-publish","format-standard","hentry","category-actualite","category-tunisie"],"_links":{"self":[{"href":"https:\/\/linitiative.ca\/International\/wp-json\/wp\/v2\/posts\/138332","targetHints":{"allow":["GET"]}}],"collection":[{"href":"https:\/\/linitiative.ca\/International\/wp-json\/wp\/v2\/posts"}],"about":[{"href":"https:\/\/linitiative.ca\/International\/wp-json\/wp\/v2\/types\/post"}],"author":[{"embeddable":true,"href":"https:\/\/linitiative.ca\/International\/wp-json\/wp\/v2\/users\/1772"}],"replies":[{"embeddable":true,"href":"https:\/\/linitiative.ca\/International\/wp-json\/wp\/v2\/comments?post=138332"}],"version-history":[{"count":0,"href":"https:\/\/linitiative.ca\/International\/wp-json\/wp\/v2\/posts\/138332\/revisions"}],"wp:attachment":[{"href":"https:\/\/linitiative.ca\/International\/wp-json\/wp\/v2\/media?parent=138332"}],"wp:term":[{"taxonomy":"category","embeddable":true,"href":"https:\/\/linitiative.ca\/International\/wp-json\/wp\/v2\/categories?post=138332"},{"taxonomy":"post_tag","embeddable":true,"href":"https:\/\/linitiative.ca\/International\/wp-json\/wp\/v2\/tags?post=138332"}],"curies":[{"name":"wp","href":"https:\/\/api.w.org\/{rel}","templated":true}]}}