{"id":138341,"date":"2022-01-12T05:00:00","date_gmt":"2022-01-12T10:00:00","guid":{"rendered":"https:\/\/linitiative.ca\/International\/insolite-mais-surtout-tres-grave\/"},"modified":"2022-01-12T05:00:00","modified_gmt":"2022-01-12T10:00:00","slug":"insolite-mais-surtout-tres-grave","status":"publish","type":"post","link":"https:\/\/linitiative.ca\/International\/insolite-mais-surtout-tres-grave\/","title":{"rendered":"Insolite, mais surtout  tr\u00e8s grave"},"content":{"rendered":"<div>Le personnel m\u00e9dical de l\u2019h\u00f4pital psychiatrique de Ch\u00e9raga a adress\u00e9 une lettre au ministre de la Sant\u00e9 pour l\u2019alerter sur un fait insolite et tr\u00e8s grave. Dans la lettre adress\u00e9e \u00e0 Benbouzid, il est mentionn\u00e9 : \u00abNous<\/div>\n<p>Auteur:<br \/>\n<a href=\"https:\/\/www.lesoirdalgerie.com\/periscoop\/insolite-mais-surtout-tres-grave-73572\">Cliquez ici pour lire l&rsquo;article depuis sa source.<\/a><\/p>\n","protected":false},"excerpt":{"rendered":"<p>Le personnel m\u00e9dical de l\u2019h\u00f4pital psychiatrique de Ch\u00e9raga a adress\u00e9 une lettre au ministre de la Sant\u00e9 pour l\u2019alerter sur un fait insolite et tr\u00e8s grave. Dans la lettre adress\u00e9e \u00e0 Benbouzid, il est mentionn\u00e9 : \u00abNous Auteur: Cliquez ici pour lire l&rsquo;article depuis sa source.<\/p>\n","protected":false},"author":1741,"featured_media":0,"comment_status":"closed","ping_status":"closed","sticky":false,"template":"","format":"standard","meta":{"fifu_image_url":"","fifu_image_alt":"","footnotes":""},"categories":[73,53],"tags":[],"class_list":["post-138341","post","type-post","status-publish","format-standard","hentry","category-actualite","category-algerie"],"_links":{"self":[{"href":"https:\/\/linitiative.ca\/International\/wp-json\/wp\/v2\/posts\/138341","targetHints":{"allow":["GET"]}}],"collection":[{"href":"https:\/\/linitiative.ca\/International\/wp-json\/wp\/v2\/posts"}],"about":[{"href":"https:\/\/linitiative.ca\/International\/wp-json\/wp\/v2\/types\/post"}],"author":[{"embeddable":true,"href":"https:\/\/linitiative.ca\/International\/wp-json\/wp\/v2\/users\/1741"}],"replies":[{"embeddable":true,"href":"https:\/\/linitiative.ca\/International\/wp-json\/wp\/v2\/comments?post=138341"}],"version-history":[{"count":0,"href":"https:\/\/linitiative.ca\/International\/wp-json\/wp\/v2\/posts\/138341\/revisions"}],"wp:attachment":[{"href":"https:\/\/linitiative.ca\/International\/wp-json\/wp\/v2\/media?parent=138341"}],"wp:term":[{"taxonomy":"category","embeddable":true,"href":"https:\/\/linitiative.ca\/International\/wp-json\/wp\/v2\/categories?post=138341"},{"taxonomy":"post_tag","embeddable":true,"href":"https:\/\/linitiative.ca\/International\/wp-json\/wp\/v2\/tags?post=138341"}],"curies":[{"name":"wp","href":"https:\/\/api.w.org\/{rel}","templated":true}]}}