{"id":138351,"date":"2022-01-12T13:51:46","date_gmt":"2022-01-12T18:51:46","guid":{"rendered":"https:\/\/linitiative.ca\/International\/emploi-aziz-akhannouch-lance-officiellement-le-programme-awrach\/"},"modified":"2022-01-12T13:51:46","modified_gmt":"2022-01-12T18:51:46","slug":"emploi-aziz-akhannouch-lance-officiellement-le-programme-awrach","status":"publish","type":"post","link":"https:\/\/linitiative.ca\/International\/emploi-aziz-akhannouch-lance-officiellement-le-programme-awrach\/","title":{"rendered":"Emploi. Aziz Akhannouch lance officiellement le programme \u00ab Awrach \u00bb"},"content":{"rendered":"<div><img decoding=\"async\" width=\"1192\" height=\"596\" src=\"https:\/\/linitiative.ca\/International\/wp-content\/uploads\/sites\/23\/2022\/01\/Aziz-Akhannouch-president-du-Conseil-communal-de-Agadir-1-1-1.jpg\" class=\"attachment-post-thumbnail size-post-thumbnail wp-post-image\" alt=\"\" loading=\"lazy\" srcset=\"https:\/\/linitiative.ca\/International\/wp-content\/uploads\/sites\/23\/2022\/01\/Aziz-Akhannouch-president-du-Conseil-communal-de-Agadir-1-1-1.jpg 1192w, https:\/\/www.challenge.ma\/wp-content\/uploads\/2021\/09\/Aziz-Akhannouch-president-du-Conseil-communal-de-Agadir-1-1-300x150.jpg 300w, https:\/\/www.challenge.ma\/wp-content\/uploads\/2021\/09\/Aziz-Akhannouch-president-du-Conseil-communal-de-Agadir-1-1-1024x512.jpg 1024w, https:\/\/www.challenge.ma\/wp-content\/uploads\/2021\/09\/Aziz-Akhannouch-president-du-Conseil-communal-de-Agadir-1-1-768x384.jpg 768w, https:\/\/www.challenge.ma\/wp-content\/uploads\/2021\/09\/Aziz-Akhannouch-president-du-Conseil-communal-de-Agadir-1-1-360x180.jpg 360w, https:\/\/www.challenge.ma\/wp-content\/uploads\/2021\/09\/Aziz-Akhannouch-president-du-Conseil-communal-de-Agadir-1-1-750x375.jpg 750w\" sizes=\"auto, (max-width: 1192px) 100vw, 1192px\" itemprop=\"image\">La circulaire du Chef du gouvernement, Aziz Akhannouch, relative au lancement du programme \u00ab\u00a0Awrach\u00a0\u00bb a \u00e9t\u00e9 sign\u00e9e, le 12 janvier. Ce programme vise la cr\u00e9ation de 250.000 emplois directs dans le cadre de chantiers publics temporaires durant les ann\u00e9es 2022 et 2023.La circulaire a \u00e9t\u00e9 adress\u00e9e aux ministres, ministres d\u00e9l\u00e9gu\u00e9s,<\/div>\n<p>Auteur: challenge<br \/>\n<a href=\"https:\/\/www.challenge.ma\/emploi-aziz-akhannouch-lance-officiellement-le-programme-awrach-230543\/\">Cliquez ici pour lire l&rsquo;article depuis sa source.<\/a><\/p>\n","protected":false},"excerpt":{"rendered":"<p>La circulaire du Chef du gouvernement, Aziz Akhannouch, relative au lancement du programme \u00ab\u00a0Awrach\u00a0\u00bb a \u00e9t\u00e9 sign\u00e9e, le 12 janvier. Ce programme vise la cr\u00e9ation de 250.000 emplois directs dans le cadre de chantiers publics temporaires durant les ann\u00e9es 2022 et 2023.La circulaire a \u00e9t\u00e9 adress\u00e9e aux ministres, ministres d\u00e9l\u00e9gu\u00e9s, Auteur: challenge Cliquez ici pour [&hellip;]<\/p>\n","protected":false},"author":1787,"featured_media":0,"comment_status":"closed","ping_status":"closed","sticky":false,"template":"","format":"standard","meta":{"fifu_image_url":"https:\/\/www.challenge.ma\/wp-content\/uploads\/2021\/09\/Aziz-Akhannouch-president-du-Conseil-communal-de-Agadir-1-1.jpg","fifu_image_alt":"Emploi. Aziz Akhannouch lance officiellement le programme \u00ab Awrach \u00bb","footnotes":""},"categories":[78,54],"tags":[],"class_list":["post-138351","post","type-post","status-publish","format-standard","hentry","category-economie","category-maroc"],"_links":{"self":[{"href":"https:\/\/linitiative.ca\/International\/wp-json\/wp\/v2\/posts\/138351","targetHints":{"allow":["GET"]}}],"collection":[{"href":"https:\/\/linitiative.ca\/International\/wp-json\/wp\/v2\/posts"}],"about":[{"href":"https:\/\/linitiative.ca\/International\/wp-json\/wp\/v2\/types\/post"}],"author":[{"embeddable":true,"href":"https:\/\/linitiative.ca\/International\/wp-json\/wp\/v2\/users\/1787"}],"replies":[{"embeddable":true,"href":"https:\/\/linitiative.ca\/International\/wp-json\/wp\/v2\/comments?post=138351"}],"version-history":[{"count":0,"href":"https:\/\/linitiative.ca\/International\/wp-json\/wp\/v2\/posts\/138351\/revisions"}],"wp:attachment":[{"href":"https:\/\/linitiative.ca\/International\/wp-json\/wp\/v2\/media?parent=138351"}],"wp:term":[{"taxonomy":"category","embeddable":true,"href":"https:\/\/linitiative.ca\/International\/wp-json\/wp\/v2\/categories?post=138351"},{"taxonomy":"post_tag","embeddable":true,"href":"https:\/\/linitiative.ca\/International\/wp-json\/wp\/v2\/tags?post=138351"}],"curies":[{"name":"wp","href":"https:\/\/api.w.org\/{rel}","templated":true}]}}