{"id":138356,"date":"2022-01-12T16:53:36","date_gmt":"2022-01-12T21:53:36","guid":{"rendered":"https:\/\/linitiative.ca\/International\/tunisie-le-syndicat-general-des-transports-menace-dentamer-une-greve-generale-dans-les-societes-de-transport-terrestre-de-passagers\/"},"modified":"2022-01-12T16:53:36","modified_gmt":"2022-01-12T21:53:36","slug":"tunisie-le-syndicat-general-des-transports-menace-dentamer-une-greve-generale-dans-les-societes-de-transport-terrestre-de-passagers","status":"publish","type":"post","link":"https:\/\/linitiative.ca\/International\/tunisie-le-syndicat-general-des-transports-menace-dentamer-une-greve-generale-dans-les-societes-de-transport-terrestre-de-passagers\/","title":{"rendered":"Tunisie : Le Syndicat G\u00e9n\u00e9ral des transports menace d\u2019entamer une gr\u00e8ve g\u00e9n\u00e9rale dans les soci\u00e9t\u00e9s de transport terrestre de passagers"},"content":{"rendered":"<div>\n<p>Dans un communiqu\u00e9 rendu public ce mercredi 12 janvier 2022, le Syndicat g\u00e9n\u00e9ral des transports, affili\u00e9 \u00e0 l\u2019UGTT a mis en garde contre la tenue de manifestations quotidiennes dans toutes les entreprises de transport dans un premier temps. Il a \u00e9galement appel\u00e9 l\u2019organe administratif \u00e0 envisager la mise en \u0153uvre d\u2019une gr\u00e8ve g\u00e9n\u00e9rale dans toutes [\u2026]<\/p>\n<p>L\u2019article <a href=\"https:\/\/www.tunisienumerique.com\/tunisie-le-syndicat-general-des-transports-menace-dentamer-une-greve-generale-dans-les-societes-de-transport-terrestre-de-passagers\/\">Tunisie : Le Syndicat G\u00e9n\u00e9ral des transports menace d\u2019entamer une gr\u00e8ve g\u00e9n\u00e9rale dans les soci\u00e9t\u00e9s de transport terrestre de passagers<\/a> est apparu en premier sur <a href=\"https:\/\/www.tunisienumerique.com\/\">Tunisie<\/a>.<\/p>\n<\/div>\n<p>Auteur: rania ben slimane<br \/>\n<a href=\"https:\/\/www.tunisienumerique.com\/tunisie-le-syndicat-general-des-transports-menace-dentamer-une-greve-generale-dans-les-societes-de-transport-terrestre-de-passagers\/\">Cliquez ici pour lire l&rsquo;article depuis sa source.<\/a><\/p>\n","protected":false},"excerpt":{"rendered":"<p>Dans un communiqu\u00e9 rendu public ce mercredi 12 janvier 2022, le Syndicat g\u00e9n\u00e9ral des transports, affili\u00e9 \u00e0 l\u2019UGTT a mis en garde contre la tenue de manifestations quotidiennes dans toutes les entreprises de transport dans un premier temps. Il a \u00e9galement appel\u00e9 l\u2019organe administratif \u00e0 envisager la mise en \u0153uvre d\u2019une gr\u00e8ve g\u00e9n\u00e9rale dans toutes [&hellip;]<\/p>\n","protected":false},"author":1789,"featured_media":0,"comment_status":"closed","ping_status":"closed","sticky":false,"template":"","format":"standard","meta":{"fifu_image_url":"","fifu_image_alt":"","footnotes":""},"categories":[73,55],"tags":[],"class_list":["post-138356","post","type-post","status-publish","format-standard","hentry","category-actualite","category-tunisie"],"_links":{"self":[{"href":"https:\/\/linitiative.ca\/International\/wp-json\/wp\/v2\/posts\/138356","targetHints":{"allow":["GET"]}}],"collection":[{"href":"https:\/\/linitiative.ca\/International\/wp-json\/wp\/v2\/posts"}],"about":[{"href":"https:\/\/linitiative.ca\/International\/wp-json\/wp\/v2\/types\/post"}],"author":[{"embeddable":true,"href":"https:\/\/linitiative.ca\/International\/wp-json\/wp\/v2\/users\/1789"}],"replies":[{"embeddable":true,"href":"https:\/\/linitiative.ca\/International\/wp-json\/wp\/v2\/comments?post=138356"}],"version-history":[{"count":0,"href":"https:\/\/linitiative.ca\/International\/wp-json\/wp\/v2\/posts\/138356\/revisions"}],"wp:attachment":[{"href":"https:\/\/linitiative.ca\/International\/wp-json\/wp\/v2\/media?parent=138356"}],"wp:term":[{"taxonomy":"category","embeddable":true,"href":"https:\/\/linitiative.ca\/International\/wp-json\/wp\/v2\/categories?post=138356"},{"taxonomy":"post_tag","embeddable":true,"href":"https:\/\/linitiative.ca\/International\/wp-json\/wp\/v2\/tags?post=138356"}],"curies":[{"name":"wp","href":"https:\/\/api.w.org\/{rel}","templated":true}]}}