{"id":138357,"date":"2022-01-12T17:15:43","date_gmt":"2022-01-12T22:15:43","guid":{"rendered":"https:\/\/linitiative.ca\/International\/le-match-tunisie-mali-ne-sera-pas-rejoue-selon-cet-avocat\/"},"modified":"2022-01-12T17:15:43","modified_gmt":"2022-01-12T22:15:43","slug":"le-match-tunisie-mali-ne-sera-pas-rejoue-selon-cet-avocat","status":"publish","type":"post","link":"https:\/\/linitiative.ca\/International\/le-match-tunisie-mali-ne-sera-pas-rejoue-selon-cet-avocat\/","title":{"rendered":"Le match Tunisie \u2013 Mali ne sera pas rejou\u00e9 selon cet avocat !!"},"content":{"rendered":"<div>\n<p>Sur sa page FB, l\u2019avocat tunisien sp\u00e9cialis\u00e9\u00a0en Droit du\u00a0Sport, Ali Abbes a assur\u00e9 que le match Tunisie \u2013 Mali ne sera pas rejou\u00e9 sauf que la CAF en d\u00e9cide. Il fallait que le paragraphe 5 de la Loi 7 du r\u00e8glement de la CAF doit \u00eatre lu en entier et bien compris ! Le Maitre [\u2026]<\/p>\n<p>L\u2019article <a href=\"https:\/\/sport.tunisienumerique.com\/le-match-tunisie-mali-ne-sera-pas-rejoue-selon-cet-avocat\/\">Le match Tunisie \u2013 Mali ne sera pas rejou\u00e9 selon cet avocat !!<\/a> est apparu en premier sur <a href=\"https:\/\/www.tunisienumerique.com\/\">Tunisie<\/a>.<\/p>\n<\/div>\n<p>Auteur: Hamza Ben Khlifa<br \/>\n<a href=\"https:\/\/sport.tunisienumerique.com\/le-match-tunisie-mali-ne-sera-pas-rejoue-selon-cet-avocat\/\">Cliquez ici pour lire l&rsquo;article depuis sa source.<\/a><\/p>\n","protected":false},"excerpt":{"rendered":"<p>Sur sa page FB, l\u2019avocat tunisien sp\u00e9cialis\u00e9\u00a0en Droit du\u00a0Sport, Ali Abbes a assur\u00e9 que le match Tunisie \u2013 Mali ne sera pas rejou\u00e9 sauf que la CAF en d\u00e9cide. Il fallait que le paragraphe 5 de la Loi 7 du r\u00e8glement de la CAF doit \u00eatre lu en entier et bien compris ! Le Maitre [&hellip;]<\/p>\n","protected":false},"author":1789,"featured_media":0,"comment_status":"closed","ping_status":"closed","sticky":false,"template":"","format":"standard","meta":{"fifu_image_url":"","fifu_image_alt":"","footnotes":""},"categories":[73,55],"tags":[],"class_list":["post-138357","post","type-post","status-publish","format-standard","hentry","category-actualite","category-tunisie"],"_links":{"self":[{"href":"https:\/\/linitiative.ca\/International\/wp-json\/wp\/v2\/posts\/138357","targetHints":{"allow":["GET"]}}],"collection":[{"href":"https:\/\/linitiative.ca\/International\/wp-json\/wp\/v2\/posts"}],"about":[{"href":"https:\/\/linitiative.ca\/International\/wp-json\/wp\/v2\/types\/post"}],"author":[{"embeddable":true,"href":"https:\/\/linitiative.ca\/International\/wp-json\/wp\/v2\/users\/1789"}],"replies":[{"embeddable":true,"href":"https:\/\/linitiative.ca\/International\/wp-json\/wp\/v2\/comments?post=138357"}],"version-history":[{"count":0,"href":"https:\/\/linitiative.ca\/International\/wp-json\/wp\/v2\/posts\/138357\/revisions"}],"wp:attachment":[{"href":"https:\/\/linitiative.ca\/International\/wp-json\/wp\/v2\/media?parent=138357"}],"wp:term":[{"taxonomy":"category","embeddable":true,"href":"https:\/\/linitiative.ca\/International\/wp-json\/wp\/v2\/categories?post=138357"},{"taxonomy":"post_tag","embeddable":true,"href":"https:\/\/linitiative.ca\/International\/wp-json\/wp\/v2\/tags?post=138357"}],"curies":[{"name":"wp","href":"https:\/\/api.w.org\/{rel}","templated":true}]}}