{"id":138360,"date":"2022-01-12T13:54:54","date_gmt":"2022-01-12T18:54:54","guid":{"rendered":"https:\/\/linitiative.ca\/International\/appel-du-gouvernement-malien-a-manifester-contre-les-sanctions-de-la-cedeao-daccord-mais-ny-a-t-il-pas-lieu-daller-vite-au-dialogue\/"},"modified":"2022-01-12T13:54:54","modified_gmt":"2022-01-12T18:54:54","slug":"appel-du-gouvernement-malien-a-manifester-contre-les-sanctions-de-la-cedeao-daccord-mais-ny-a-t-il-pas-lieu-daller-vite-au-dialogue","status":"publish","type":"post","link":"https:\/\/linitiative.ca\/International\/appel-du-gouvernement-malien-a-manifester-contre-les-sanctions-de-la-cedeao-daccord-mais-ny-a-t-il-pas-lieu-daller-vite-au-dialogue\/","title":{"rendered":"APPEL DU GOUVERNEMENT MALIEN A MANIFESTER CONTRE LES SANCTIONS DE LA CEDEAO: D\u2019accord, mais n\u2019y a-t-il pas lieu d\u2019aller vite au dialogue ?"},"content":{"rendered":"<div>\n<p><img decoding=\"async\" width=\"640\" height=\"360\" src=\"https:\/\/linitiative.ca\/International\/wp-content\/uploads\/sites\/23\/2022\/01\/103172086_gettyimages-mali-1.jpg\" class=\"attachment- size- wp-post-image\" alt=\"\" loading=\"lazy\" style=\"float:left; margin:0 15px 15px 0;\" srcset=\"https:\/\/linitiative.ca\/International\/wp-content\/uploads\/sites\/23\/2022\/01\/103172086_gettyimages-mali-1.jpg 640w, https:\/\/lepays.bf\/wp-content\/uploads\/2022\/01\/103172086_gettyimages-mali-1-300x169.jpg 300w, https:\/\/lepays.bf\/wp-content\/uploads\/2022\/01\/103172086_gettyimages-mali-1-390x220.jpg 390w\" sizes=\"auto, (max-width: 640px) 100vw, 640px\">\u00a0 Face aux sanctions drastiques de la Communaut\u00e9 \u00e9conomique des Etats de l\u2019Afrique de l\u2019Ouest (CEDEAO), le gouvernement de la transition malienne \u00ab\u00a0appelle l\u2019ensemble de la population et de la diaspora \u00e0 une mobilisation g\u00e9n\u00e9rale sur toute l\u2019\u00e9tendue du territoire national, le vendredi 14 janvier\u00a0\u00bb. C\u2019est la teneur d\u2019un communiqu\u00e9 publi\u00e9 \u00e0 l\u2019issue du Conseil \u2026<\/p>\n<p>L\u2019article <a rel=\"nofollow\" href=\"https:\/\/lepays.bf\/appel-du-gouvernement-malien-a-manifester-contre-les-sanctions-de-la-cedeao-daccord-mais-ny-a-t-il-pas-lieu-daller-vite-au-dialogue\/\">APPEL DU GOUVERNEMENT MALIEN A MANIFESTER CONTRE LES SANCTIONS DE LA CEDEAO: D\u2019accord, mais n\u2019y a-t-il pas lieu d\u2019aller vite au dialogue ?<\/a> est apparu en premier sur <a rel=\"nofollow\" href=\"https:\/\/lepays.bf\/\">Editions Le Pays<\/a>.<\/p>\n<\/div>\n<p>Auteur: Editions LEPAYS<br \/>\n<a href=\"https:\/\/lepays.bf\/appel-du-gouvernement-malien-a-manifester-contre-les-sanctions-de-la-cedeao-daccord-mais-ny-a-t-il-pas-lieu-daller-vite-au-dialogue\/\">Cliquez ici pour lire l&rsquo;article depuis sa source.<\/a><\/p>\n","protected":false},"excerpt":{"rendered":"<p>\u00a0 Face aux sanctions drastiques de la Communaut\u00e9 \u00e9conomique des Etats de l\u2019Afrique de l\u2019Ouest (CEDEAO), le gouvernement de la transition malienne \u00ab\u00a0appelle l\u2019ensemble de la population et de la diaspora \u00e0 une mobilisation g\u00e9n\u00e9rale sur toute l\u2019\u00e9tendue du territoire national, le vendredi 14 janvier\u00a0\u00bb. C\u2019est la teneur d\u2019un communiqu\u00e9 publi\u00e9 \u00e0 l\u2019issue du Conseil [&hellip;]<\/p>\n","protected":false},"author":1813,"featured_media":0,"comment_status":"closed","ping_status":"closed","sticky":false,"template":"","format":"standard","meta":{"fifu_image_url":"https:\/\/lepays.bf\/wp-content\/uploads\/2022\/01\/103172086_gettyimages-mali-1.jpg","fifu_image_alt":"APPEL DU GOUVERNEMENT MALIEN A MANIFESTER CONTRE LES SANCTIONS DE LA CEDEAO: D\u2019accord, mais n\u2019y a-t-il pas lieu d\u2019aller vite au dialogue ?","footnotes":""},"categories":[73,81],"tags":[],"class_list":["post-138360","post","type-post","status-publish","format-standard","hentry","category-actualite","category-burkina-faso"],"_links":{"self":[{"href":"https:\/\/linitiative.ca\/International\/wp-json\/wp\/v2\/posts\/138360","targetHints":{"allow":["GET"]}}],"collection":[{"href":"https:\/\/linitiative.ca\/International\/wp-json\/wp\/v2\/posts"}],"about":[{"href":"https:\/\/linitiative.ca\/International\/wp-json\/wp\/v2\/types\/post"}],"author":[{"embeddable":true,"href":"https:\/\/linitiative.ca\/International\/wp-json\/wp\/v2\/users\/1813"}],"replies":[{"embeddable":true,"href":"https:\/\/linitiative.ca\/International\/wp-json\/wp\/v2\/comments?post=138360"}],"version-history":[{"count":0,"href":"https:\/\/linitiative.ca\/International\/wp-json\/wp\/v2\/posts\/138360\/revisions"}],"wp:attachment":[{"href":"https:\/\/linitiative.ca\/International\/wp-json\/wp\/v2\/media?parent=138360"}],"wp:term":[{"taxonomy":"category","embeddable":true,"href":"https:\/\/linitiative.ca\/International\/wp-json\/wp\/v2\/categories?post=138360"},{"taxonomy":"post_tag","embeddable":true,"href":"https:\/\/linitiative.ca\/International\/wp-json\/wp\/v2\/tags?post=138360"}],"curies":[{"name":"wp","href":"https:\/\/api.w.org\/{rel}","templated":true}]}}