{"id":138367,"date":"2022-01-11T18:31:06","date_gmt":"2022-01-11T23:31:06","guid":{"rendered":"https:\/\/linitiative.ca\/International\/cooperation-bilaterale-9-nouveaux-ambassadeurs-presentent-leurs-lettres-de-creance\/"},"modified":"2022-01-11T18:31:06","modified_gmt":"2022-01-11T23:31:06","slug":"cooperation-bilaterale-9-nouveaux-ambassadeurs-presentent-leurs-lettres-de-creance","status":"publish","type":"post","link":"https:\/\/linitiative.ca\/International\/cooperation-bilaterale-9-nouveaux-ambassadeurs-presentent-leurs-lettres-de-creance\/","title":{"rendered":"Coop\u00e9ration bilat\u00e9rale  : 9 nouveaux ambassadeurs pr\u00e9sentent  leurs lettres de cr\u00e9ance"},"content":{"rendered":"<div>\n<p><strong>Neuf nouveaux ambassadeurs ont pr\u00e9sent\u00e9 leurs lettres de cr\u00e9ance au Pr\u00e9sident du Faso, Roch Marc Christian Kabor\u00e9, le mardi 11 janvier 2022 au palais de Kosyam, \u00e0 Ouagadougou. <\/strong><\/p>\n<figure id=\"attachment_44228\" aria-describedby=\"caption-attachment-44228\" style=\"width: 300px\" class=\"wp-caption alignleft\"><img decoding=\"async\" loading=\"lazy\" class=\"wp-image-44228 size-medium\" src=\"https:\/\/linitiative.ca\/International\/wp-content\/uploads\/sites\/23\/2022\/01\/1-23-300x200-1.jpg\" alt=\"\" width=\"300\" height=\"200\" srcset=\"https:\/\/linitiative.ca\/International\/wp-content\/uploads\/sites\/23\/2022\/01\/1-23-300x200-1.jpg 300w, https:\/\/www.sidwaya.info\/wp-content\/uploads\/2022\/01\/1-23-150x100.jpg 150w, https:\/\/www.sidwaya.info\/wp-content\/uploads\/2022\/01\/1-23.jpg 595w\" sizes=\"auto, (max-width: 300px) 100vw, 300px\"><figcaption id=\"caption-attachment-44228\" class=\"wp-caption-text\">Esther Johanna Elisabeth Loeffen, ambassadrice des Pays-Bas, a \u00e9t\u00e9 la premi\u00e8re \u00e0 pr\u00e9senter ses lettres de cr\u00e9ance hier au pr\u00e9sident du Faso.<\/figcaption><\/figure>\n<p>Neuf nouveaux ambassadeurs ont \u00e9t\u00e9 envoy\u00e9s au Burkina Faso pour conduire les relations diplomatiques entre leurs pays et celui des Hommes int\u00e8gres. Ils ont pr\u00e9sent\u00e9 leurs lettres de cr\u00e9ance au Pr\u00e9sident du Faso, Roch Marc Christian Kabor\u00e9, dans la matin\u00e9e du mardi 11 janvier 2022 au palais de Kosyam. La premi\u00e8re diplomate qui s\u2019est livr\u00e9e \u00e0 cet exercice a \u00e9t\u00e9 Esther Johanna Elisabeth Loeffen, nouvelle ambassadrice extraordinaire et pl\u00e9nipotentiaire du Royaume des Pays-Bas aupr\u00e8s du Burkina Faso. Juriste de formation, Mme Loeffen a d\u00e9sormais la responsabilit\u00e9 de veiller \u00e0 la coop\u00e9ration entre son pays et le Burkina Faso. Une coop\u00e9ration qui a vu le jour le 20 mai 1976 \u00e0 travers la signature d\u2019un cadre de coop\u00e9ration entre les deux pays et qui concerne plusieurs domaines. Il s\u2019agit de l\u2019\u00e9ducation, la sant\u00e9, la promotion de la bonne gouvernance et du genre. A la suite de Mme Loeffen, c\u2019est Lee-Anne Christine Hermann qui a \u00e9t\u00e9 re\u00e7ue par le pr\u00e9sident du Faso. Ambassadrice extraordinaire et pl\u00e9nipotentiaire du Canada aupr\u00e8s du Burkina Faso, Mme Hermann est n\u00e9e le 28 mars 1967 \u00e0 Toronto.<\/p>\n<p>Titulaire d\u2019un Master en commerce international et d\u2019un dipl\u00f4me de troisi\u00e8me cycle en relations internationales, elle a occup\u00e9 plusieurs fonctions dont celle de directrice de cabinet pendant le sommet du G8 en 2010 et de conseiller politique en R\u00e9publique de C\u00f4te d\u2019Ivoire. Avant de venir au Burkina Faso, elle \u00e9tait consule et d\u00e9l\u00e9gu\u00e9e principale au commerce en Allemagne. La coop\u00e9ration entre le Burkina Faso et le Canada remonte au d\u00e9but des ann\u00e9es 1960. Elle couvre les domaines de l\u2019aide au d\u00e9veloppement, de la promotion de la d\u00e9mocratie, de la paix, de la s\u00e9curit\u00e9, de l\u2019\u00e9galit\u00e9 des genres, de l\u2019acc\u00e8s universel \u00e0 l\u2019\u00e9ducation de base, du renforcement du pouvoir des femmes et des filles et celui des liens commerciaux et \u00e9conomiques. Apr\u00e8s les Pays-Bas et le Canada, c\u2019\u00e9tait au tour du nouvel ambassadeur du Ghana d\u2019\u00eatre re\u00e7u par Roch Marc Christian Kabor\u00e9. Boniface Gambila Adagbila a d\u00e9sormais la charge d\u2019assurer le d\u00e9veloppement de la coop\u00e9ration entre le pays de Nana Akufo-Addo et celui de Roch Marc Christian Kabor\u00e9.<\/p>\n<h2><strong>Une relation \u00ab naturelle \u00bb<\/strong><\/h2>\n<p>Cette coop\u00e9ration repose essentiellement sur le partage d\u2019un m\u00eame espace ethno-culturel et agro-\u00e9cologique. Cette relation \u00ab naturelle \u00bb a \u00e9t\u00e9 encadr\u00e9e par une coop\u00e9ration formelle d\u00e8s le lendemain des ind\u00e9pendances avec la signature en 1971 d\u2019un accord-cadre g\u00e9n\u00e9ral de coop\u00e9ration et la cr\u00e9ation d\u2019une commission conjointe permanente de coop\u00e9ration. Les relations \u00ab fructueuses \u00bb entre les deux pays touchent plusieurs domaines dont la d\u00e9fense et la s\u00e9curit\u00e9, l\u2019\u00e9nergie, l\u2019agriculture, l\u2019environnement, la sant\u00e9, la justice, etc. Le Royaume de Su\u00e8de a \u00e9galement d\u00e9p\u00each\u00e9 une nouvelle ambassadrice au Burkina Faso. Maria Sargren a pr\u00e9sent\u00e9 ses lettres de cr\u00e9ance \u00e0 Roch Marc Christian Kabor\u00e9. N\u00e9e en 1966, Mme Sargren est diplomate et titulaire d\u2019un DES en relations europ\u00e9ennes et internationales. Mari\u00e9e et m\u00e8re de deux enfants, la nouvelle ambassadrice a \u00e9t\u00e9, entre autres, chef de section du d\u00e9partement de la coop\u00e9ration au d\u00e9veloppement, directrice adjointe au d\u00e9veloppement pour les affaires de l\u2019Union europ\u00e9enne, etc.<\/p>\n<figure id=\"attachment_44230\" aria-describedby=\"caption-attachment-44230\" style=\"width: 300px\" class=\"wp-caption alignright\"><img decoding=\"async\" loading=\"lazy\" class=\"wp-image-44230 size-medium\" src=\"https:\/\/linitiative.ca\/International\/wp-content\/uploads\/sites\/23\/2022\/01\/3-5-300x200-1.jpg\" alt=\"\" width=\"300\" height=\"200\" srcset=\"https:\/\/linitiative.ca\/International\/wp-content\/uploads\/sites\/23\/2022\/01\/3-5-300x200-1.jpg 300w, https:\/\/www.sidwaya.info\/wp-content\/uploads\/2022\/01\/3-5-150x100.jpg 150w, https:\/\/www.sidwaya.info\/wp-content\/uploads\/2022\/01\/3-5.jpg 595w\" sizes=\"auto, (max-width: 300px) 100vw, 300px\"><figcaption id=\"caption-attachment-44230\" class=\"wp-caption-text\">Nicolae Nastase, nouvel ambassadeur de la Roumanie, est titulaire d\u2019un doctorat en sciences politiques.<\/figcaption><\/figure>\n<p>Elle a \u00e9t\u00e9 \u00e9galement ambassadrice de la Su\u00e8de au Royaume du Cambodge de 2016 \u00e0 2019. Le cinqui\u00e8me ambassadeur qui a \u00e9t\u00e9 re\u00e7u par le pr\u00e9sident du Faso a \u00e9t\u00e9 celui de la C\u00f4te d\u2019Ivoire. Lamine Ouattara devra d\u00e9sormais veiller au d\u00e9veloppement des relations de coop\u00e9ration entre les deux pays \u00ab fr\u00e8res \u00bb. Une coop\u00e9ration qui s\u2019est mat\u00e9rialis\u00e9e par la signature d\u2019un Trait\u00e9 d\u2019amiti\u00e9 et de coop\u00e9ration (TAC) en juillet 2008. Depuis sa signature, neuf conf\u00e9rences aux sommets se sont tenues de fa\u00e7on alternative en C\u00f4te d\u2019Ivoire et au Burkina Faso. La derni\u00e8re a eu lieu du 25 au 28 juillet 2021 en C\u00f4te d\u2019Ivoire. M. Ouattara a occup\u00e9 plusieurs fonctions dont celles de conseiller de 2016 \u00e0 2019 et de charg\u00e9 d\u2019affaires par int\u00e9rim de l\u2019ambassade de C\u00f4te d\u2019Ivoire en Arabie Saoudite de mars 2019 \u00e0 janvier 2020. La Gambie a \u00e9galement un nouvel ambassadeur au Burkina Faso. Hadrammah Sidibeh, comptable de formation, a d\u00e9sormais la responsabilit\u00e9 de travailler \u00e0 l\u2019enracinement de la coop\u00e9ration entre son pays et le Burkina Faso qui se limite pour le moment dans le cadre sous r\u00e9gional au sein de la Communaut\u00e9 \u00e9conomique des Etats de l\u2019Afrique de l\u2019Ouest (CEDEAO). M. Sidibeh \u00e9tait auparavant ministre de la Jeunesse et des Sports dans son pays. Il aura pour r\u00e9sidence Dakar au S\u00e9n\u00e9gal.<\/p>\n<h2><strong>Enraciner la coop\u00e9ration<\/strong><\/h2>\n<p>Apr\u00e8s l\u2019ambassadeur de la Gambie, c\u2019est celui de la Roumanie qui a \u00e9t\u00e9 re\u00e7u par le pr\u00e9sident du Faso. Titulaire d\u2019un doctorat en sciences politiques, Nicolae Nastase a \u00e9t\u00e9 r\u00e9dacteur et coordinateur des collections de science politique, relations internationales et philosophie \u00e0 la maison d\u2019\u00e9dition Antet de Bucarest. Il a \u00e9galement occup\u00e9 la fonction de coordonnateur adjoint du groupe de travail de la campagne du Conseil de s\u00e9curit\u00e9 des Nations unies en qualit\u00e9 de conseiller. Il a par ailleurs \u00e9t\u00e9 directeur des relations ext\u00e9rieures au Secr\u00e9tariat permanent de la communaut\u00e9 des d\u00e9mocraties \u00e0 Varsovie. Il existe entre le Burkina Faso et la Roumanie un cadre de coop\u00e9ration qui s\u2019inscrit essentiellement dans les domaines de l\u2019\u00e9ducation, de la s\u00e9curit\u00e9 et du soutien r\u00e9ciproque dans les instances internationales. Tout comme celui de la Gambie, l\u2019ambassadeur de la Roumanie aura pour r\u00e9sidence Dakar au S\u00e9n\u00e9gal. L\u2019avant-dernier ambassa-deur qui a pr\u00e9sent\u00e9 ses lettres de cr\u00e9ance au pr\u00e9sident du Faso a \u00e9t\u00e9 celui de l\u2019Etat du Kowe\u00eft. Mohamed Abdallah Al-Khalid a, en tant que diplomate, occup\u00e9 plusieurs fonctions aussi bien au sein du minist\u00e8re kowe\u00eftien en charge des affaires \u00e9trang\u00e8res que dans les repr\u00e9sentations diploma-tiques de son pays \u00e0 Karachi de 2013 \u00e0 2019.<\/p>\n<figure id=\"attachment_44231\" aria-describedby=\"caption-attachment-44231\" style=\"width: 300px\" class=\"wp-caption alignleft\"><img decoding=\"async\" loading=\"lazy\" class=\"wp-image-44231 size-medium\" src=\"https:\/\/linitiative.ca\/International\/wp-content\/uploads\/sites\/23\/2022\/01\/4-2-300x200-1.jpg\" alt=\"\" width=\"300\" height=\"200\" srcset=\"https:\/\/linitiative.ca\/International\/wp-content\/uploads\/sites\/23\/2022\/01\/4-2-300x200-1.jpg 300w, https:\/\/www.sidwaya.info\/wp-content\/uploads\/2022\/01\/4-2-150x100.jpg 150w, https:\/\/www.sidwaya.info\/wp-content\/uploads\/2022\/01\/4-2.jpg 595w\" sizes=\"auto, (max-width: 300px) 100vw, 300px\"><figcaption id=\"caption-attachment-44231\" class=\"wp-caption-text\">Lamine Ouattara, nouvel ambassadeur de C\u00f4te d\u2019Ivoire au Burkina Faso, a pr\u00e9sent\u00e9 ses hommages au pr\u00e9sident burkinab\u00e8.<\/figcaption><\/figure>\n<p>Il a \u00e9galement servi comme conseiller \u00e0 l\u2019ambassade du Kowe\u00eft en Iraq ainsi qu\u2019\u00e0 celle du Soudan. S\u2019agissant de la coop\u00e9ration entre le Kowe\u00eft et le Burkina Faso, elle a \u00e9t\u00e9 \u00e9tablie en 1975. Elle s\u2019est renforc\u00e9e avec la signature d\u2019un accord-cadre de coop\u00e9ration en 1983. Dans le cadre de cette coop\u00e9ration, un portefeuille actif de pr\u00e8s de 37 milliards 790 millions a \u00e9t\u00e9 mis \u00e0 la disposition du Burkina Faso entre 2011 et 2021 pour financer plusieurs projets. Le nouvel ambassadeur du Kowe\u00eft aura pour r\u00e9sidence Accra au Ghana. Le dernier ambassadeur qui a \u00e9t\u00e9 re\u00e7u par Roch Marc Christian Kabor\u00e9 a \u00e9t\u00e9 celui du Royaume de Norv\u00e8ge aupr\u00e8s du Burkina Faso. Vegar Sundsbo Brynildsen aura la charge de travailler \u00e0 l\u2019enracinement de la coop\u00e9ration entre les deux pays. Une coop\u00e9ration qui n\u2019est pas assez d\u00e9velopp\u00e9e pour le moment dans la mesure o\u00f9 il n\u2019existe aucun cadre juridique et institutionnel de coop\u00e9ration entre le Burkina Faso et la Norv\u00e8ge. Toutefois, le royaume accorde un appui financier au Burkina Faso \u00e0 travers les organisations non gouvernementales et les institutions onusiennes. Des financements qui s\u2019orientent dans les domaines de la sant\u00e9, de l\u2019\u00e9ducation et de la culture.<\/p>\n<p style=\"text-align: right\"><strong> Nad\u00e8ge YAMEOGO<\/strong><\/p>\n<p>L\u2019article <a rel=\"nofollow\" href=\"https:\/\/www.sidwaya.info\/blog\/2022\/01\/11\/cooperation-bilaterale-9-nouveaux-ambassadeurs-presentent-leurs-lettres-de-creance\/\">Coop\u00e9ration bilat\u00e9rale  : 9 nouveaux ambassadeurs pr\u00e9sentent  leurs lettres de cr\u00e9ance<\/a> est apparu en premier sur <a rel=\"nofollow\" href=\"https:\/\/www.sidwaya.info\/\">Quotidien Sidwaya<\/a>.<\/p>\n<\/div>\n<p>Auteur: JK. Sidwaya<br \/>\n<a href=\"https:\/\/www.sidwaya.info\/blog\/2022\/01\/11\/cooperation-bilaterale-9-nouveaux-ambassadeurs-presentent-leurs-lettres-de-creance\/?utm_source=rss&#038;utm_medium=rss&#038;utm_campaign=cooperation-bilaterale-9-nouveaux-ambassadeurs-presentent-leurs-lettres-de-creance\">Cliquez ici pour lire l&rsquo;article depuis sa source.<\/a><\/p>\n","protected":false},"excerpt":{"rendered":"<p>Neuf nouveaux ambassadeurs ont pr\u00e9sent\u00e9 leurs lettres de cr\u00e9ance au Pr\u00e9sident du Faso, Roch Marc Christian Kabor\u00e9, le mardi 11 janvier 2022 au palais de Kosyam, \u00e0 Ouagadougou. Esther Johanna Elisabeth Loeffen, ambassadrice des Pays-Bas, a \u00e9t\u00e9 la premi\u00e8re \u00e0 pr\u00e9senter ses lettres de cr\u00e9ance hier au pr\u00e9sident du Faso. Neuf nouveaux ambassadeurs ont \u00e9t\u00e9 [&hellip;]<\/p>\n","protected":false},"author":1816,"featured_media":0,"comment_status":"closed","ping_status":"closed","sticky":false,"template":"","format":"standard","meta":{"fifu_image_url":"https:\/\/www.sidwaya.info\/wp-content\/uploads\/2022\/01\/1-23-300x200.jpg","fifu_image_alt":"Coop\u00e9ration bilat\u00e9rale  : 9 nouveaux ambassadeurs pr\u00e9sentent  leurs lettres de cr\u00e9ance","footnotes":""},"categories":[73,81],"tags":[],"class_list":["post-138367","post","type-post","status-publish","format-standard","hentry","category-actualite","category-burkina-faso"],"_links":{"self":[{"href":"https:\/\/linitiative.ca\/International\/wp-json\/wp\/v2\/posts\/138367","targetHints":{"allow":["GET"]}}],"collection":[{"href":"https:\/\/linitiative.ca\/International\/wp-json\/wp\/v2\/posts"}],"about":[{"href":"https:\/\/linitiative.ca\/International\/wp-json\/wp\/v2\/types\/post"}],"author":[{"embeddable":true,"href":"https:\/\/linitiative.ca\/International\/wp-json\/wp\/v2\/users\/1816"}],"replies":[{"embeddable":true,"href":"https:\/\/linitiative.ca\/International\/wp-json\/wp\/v2\/comments?post=138367"}],"version-history":[{"count":0,"href":"https:\/\/linitiative.ca\/International\/wp-json\/wp\/v2\/posts\/138367\/revisions"}],"wp:attachment":[{"href":"https:\/\/linitiative.ca\/International\/wp-json\/wp\/v2\/media?parent=138367"}],"wp:term":[{"taxonomy":"category","embeddable":true,"href":"https:\/\/linitiative.ca\/International\/wp-json\/wp\/v2\/categories?post=138367"},{"taxonomy":"post_tag","embeddable":true,"href":"https:\/\/linitiative.ca\/International\/wp-json\/wp\/v2\/tags?post=138367"}],"curies":[{"name":"wp","href":"https:\/\/api.w.org\/{rel}","templated":true}]}}