{"id":138373,"date":"2022-01-12T12:18:03","date_gmt":"2022-01-12T17:18:03","guid":{"rendered":"https:\/\/linitiative.ca\/International\/cote-divoire-creation-de-lordre-national-des-infirmiers-et-infirmieres\/"},"modified":"2022-01-12T12:18:03","modified_gmt":"2022-01-12T17:18:03","slug":"cote-divoire-creation-de-lordre-national-des-infirmiers-et-infirmieres","status":"publish","type":"post","link":"https:\/\/linitiative.ca\/International\/cote-divoire-creation-de-lordre-national-des-infirmiers-et-infirmieres\/","title":{"rendered":"C\u00f4te d\u2019Ivoire: cr\u00e9ation de l\u2019Ordre national des infirmiers et infirmi\u00e8res"},"content":{"rendered":"<div>\n<p><img decoding=\"async\" width=\"800\" height=\"533\" src=\"https:\/\/linitiative.ca\/International\/wp-content\/uploads\/sites\/23\/2022\/01\/16420078834614.jpg\" class=\"attachment-post-thumbnail size-post-thumbnail wp-post-image\" alt=\"\" loading=\"lazy\" srcset=\"https:\/\/linitiative.ca\/International\/wp-content\/uploads\/sites\/23\/2022\/01\/16420078834614.jpg 800w, https:\/\/www.journalducameroun.com\/wp-content\/uploads\/2022\/01\/16420078834614-300x200.jpg 300w, https:\/\/www.journalducameroun.com\/wp-content\/uploads\/2022\/01\/16420078834614-768x512.jpg 768w, https:\/\/www.journalducameroun.com\/wp-content\/uploads\/2022\/01\/16420078834614-660x440.jpg 660w, https:\/\/www.journalducameroun.com\/wp-content\/uploads\/2022\/01\/16420078834614-600x400.jpg 600w\" sizes=\"auto, (max-width: 800px) 100vw, 800px\"><\/p>\n<p>Le porte-parole adjoint du gouvernement ivoirien,  Mamadou Tour\u00e9, a annonc\u00e9 mercredi l&rsquo;adoption d&rsquo;un projet de loi portant cr\u00e9ation de l&rsquo;Ordre national des infirmiers et infirmi\u00e8res de C\u00f4te d&rsquo;Ivoire (ONII-CI), \u00e0 l&rsquo;issue d&rsquo;un Conseil des ministres.<\/p>\n<p>\u00ab\u00a0Le Conseil a adopt\u00e9 un projet de loi portant cr\u00e9ation de l&rsquo;Ordre national des infirmiers et infirmi\u00e8res de C\u00f4te d&rsquo;Ivoire (ONII-CI)\u00a0\u00bb, a indiqu\u00e9 \u00e0 la presse M. Mamadou Tour\u00e9, le porte-parole du gouvernement ivoirien.\u00a0<\/p>\n<p>Ce projet de loi, dira-t-il, organise la pratique de la profession infirmi\u00e8re et renforce les m\u00e9canismes de contr\u00f4le infirmiers en vue de d&rsquo;am\u00e9liorer la s\u00e9curit\u00e9 sanitaire des populations, la qualit\u00e9 des soins et la performance du syst\u00e8me national de sant\u00e9.\u00a0<\/p>\n<p>Le porte-parole adjoint du gouvernement a relev\u00e9 qu&rsquo;il fixe les conditions particuli\u00e8res d&rsquo;acc\u00e8s \u00e0 la profession d&rsquo;infirmier, d\u00e9finit les modalit\u00e9s d&rsquo;organisation et de fonctionnement de l&rsquo;Ordre ainsi que les proc\u00e9dures d&rsquo;\u00e9lection ordinales.\u00a0<\/p>\n<p>Il met en outre, \u00e0 la charge de l&rsquo;Ordre, de veiller au respect des principes de moralit\u00e9, de probit\u00e9 et de d\u00e9vouement ainsi que l&rsquo;observation par tous les membres des devoirs professionnels auxquels sont assujettis les infirmiers et les infirmi\u00e8res.<\/p>\n<p>Cet article <a rel=\"nofollow\" href=\"https:\/\/www.journalducameroun.com\/cote-divoire-creation-de-lordre-national-des-infirmiers-et-infirmieres\/\">C\u00f4te d\u2019Ivoire: cr\u00e9ation de l\u2019Ordre national des infirmiers et infirmi\u00e8res<\/a> est apparu en premier sur <a rel=\"nofollow\" href=\"https:\/\/www.journalducameroun.com\/\">Journal du Cameroun<\/a>.<\/p>\n<\/div>\n<p>Auteur: APA News<br \/>\n<a href=\"https:\/\/www.journalducameroun.com\/cote-divoire-creation-de-lordre-national-des-infirmiers-et-infirmieres\/\">Cliquez ici pour lire l&rsquo;article depuis sa source.<\/a><\/p>\n","protected":false},"excerpt":{"rendered":"<p>Le porte-parole adjoint du gouvernement ivoirien, Mamadou Tour\u00e9, a annonc\u00e9 mercredi l&rsquo;adoption d&rsquo;un projet de loi portant cr\u00e9ation de l&rsquo;Ordre national des infirmiers et infirmi\u00e8res de C\u00f4te d&rsquo;Ivoire (ONII-CI), \u00e0 l&rsquo;issue d&rsquo;un Conseil des ministres. \u00ab\u00a0Le Conseil a adopt\u00e9 un projet de loi portant cr\u00e9ation de l&rsquo;Ordre national des infirmiers et infirmi\u00e8res de C\u00f4te d&rsquo;Ivoire [&hellip;]<\/p>\n","protected":false},"author":1965,"featured_media":0,"comment_status":"closed","ping_status":"closed","sticky":false,"template":"","format":"standard","meta":{"fifu_image_url":"https:\/\/www.journalducameroun.com\/wp-content\/uploads\/2022\/01\/16420078834614.jpg","fifu_image_alt":"C\u00f4te d\u2019Ivoire: cr\u00e9ation de l\u2019Ordre national des infirmiers et infirmi\u00e8res","footnotes":""},"categories":[73,82],"tags":[],"class_list":["post-138373","post","type-post","status-publish","format-standard","hentry","category-actualite","category-cameroun"],"_links":{"self":[{"href":"https:\/\/linitiative.ca\/International\/wp-json\/wp\/v2\/posts\/138373","targetHints":{"allow":["GET"]}}],"collection":[{"href":"https:\/\/linitiative.ca\/International\/wp-json\/wp\/v2\/posts"}],"about":[{"href":"https:\/\/linitiative.ca\/International\/wp-json\/wp\/v2\/types\/post"}],"author":[{"embeddable":true,"href":"https:\/\/linitiative.ca\/International\/wp-json\/wp\/v2\/users\/1965"}],"replies":[{"embeddable":true,"href":"https:\/\/linitiative.ca\/International\/wp-json\/wp\/v2\/comments?post=138373"}],"version-history":[{"count":0,"href":"https:\/\/linitiative.ca\/International\/wp-json\/wp\/v2\/posts\/138373\/revisions"}],"wp:attachment":[{"href":"https:\/\/linitiative.ca\/International\/wp-json\/wp\/v2\/media?parent=138373"}],"wp:term":[{"taxonomy":"category","embeddable":true,"href":"https:\/\/linitiative.ca\/International\/wp-json\/wp\/v2\/categories?post=138373"},{"taxonomy":"post_tag","embeddable":true,"href":"https:\/\/linitiative.ca\/International\/wp-json\/wp\/v2\/tags?post=138373"}],"curies":[{"name":"wp","href":"https:\/\/api.w.org\/{rel}","templated":true}]}}