{"id":138377,"date":"2022-01-12T14:18:03","date_gmt":"2022-01-12T19:18:03","guid":{"rendered":"https:\/\/linitiative.ca\/International\/rca-la-minusca-deplore-la-proliferation-des-engins-explosifs\/"},"modified":"2022-01-12T14:18:03","modified_gmt":"2022-01-12T19:18:03","slug":"rca-la-minusca-deplore-la-proliferation-des-engins-explosifs","status":"publish","type":"post","link":"https:\/\/linitiative.ca\/International\/rca-la-minusca-deplore-la-proliferation-des-engins-explosifs\/","title":{"rendered":"RCA: la Minusca d\u00e9plore la prolif\u00e9ration des engins explosifs"},"content":{"rendered":"<div>\n<p><img decoding=\"async\" width=\"400\" height=\"400\" src=\"https:\/\/linitiative.ca\/International\/wp-content\/uploads\/sites\/23\/2022\/01\/16420150832044.jpg\" class=\"attachment-post-thumbnail size-post-thumbnail wp-post-image\" alt=\"\" loading=\"lazy\" srcset=\"https:\/\/linitiative.ca\/International\/wp-content\/uploads\/sites\/23\/2022\/01\/16420150832044.jpg 400w, https:\/\/www.journalducameroun.com\/wp-content\/uploads\/2022\/01\/16420150832044-300x300.jpg 300w, https:\/\/www.journalducameroun.com\/wp-content\/uploads\/2022\/01\/16420150832044-150x150.jpg 150w, https:\/\/www.journalducameroun.com\/wp-content\/uploads\/2022\/01\/16420150832044-60x60.jpg 60w, https:\/\/www.journalducameroun.com\/wp-content\/uploads\/2022\/01\/16420150832044-100x100.jpg 100w\" sizes=\"auto, (max-width: 400px) 100vw, 400px\"><\/p>\n<p>La Mission multidimensionnelle int\u00e9gr\u00e9e des Nations unies pour la stabilisation en R\u00e9publique centrafricaine (Minusca) affirme que cinq engins explosifs ont \u00e9t\u00e9 r\u00e9cemment d\u00e9couverts sur ses v\u00e9hicules et ceux des Forces arm\u00e9es centrafricains (Faca).A d\u00e9faut de pouvoir directement affronter les forces de d\u00e9fense et de s\u00e9curit\u00e9, les rebelles centrafricains changent d&rsquo;approche. Le porte-parole de la Force de la Minusca, le major Zouhair El Kandoussi, dans un communiqu\u00e9 parvenu mercredi \u00e0 APA, a d\u00e9nonc\u00e9 cette \u00ab nouvelle tactique qui n&rsquo;avait pas \u00e9t\u00e9 d\u00e9montr\u00e9e par les \u00e9l\u00e9ments du groupe 3R auparavant \u00bb. Celle-ci, ax\u00e9e sur le recours aux engins explosifs, vise \u00e0 emp\u00eacher les Casques bleus et les Faca dans l&rsquo;ex\u00e9cution de leur mandat, affirme-t-il.<\/p>\n<p>\u00ab Deux engins explosifs d\u00e9couverts se trouvaient pr\u00e8s de Babaza le 31 d\u00e9cembre 2021, un autre a \u00e9t\u00e9 d\u00e9couvert au village de Nzakoundou le 2 janvier 2022, deux autres engins explosifs ont endommag\u00e9 les v\u00e9hicules de la Minusca pr\u00e8s de Bohong les 30 et 31 d\u00e9cembre 2021 \u00bb, a expliqu\u00e9 le Major El Kandoussi.<\/p>\n<p>Selon ce dernier, \u00ab il est estim\u00e9 que les membres du groupe 3R ont mis en place ces engins explosifs non identifi\u00e9s pour cibler les v\u00e9hicules \u00e0 roues des Faca et les Casques bleus de la Minusca \u00bb.<\/p>\n<p>Face \u00e0 cette nouvelle menace, \u00ab les \u00e9l\u00e9ments de la Minusca anticiperont de telles tactiques dans d&rsquo;\u00e9ventuelles attaques du groupe 3R \u00bb, a-t-il rassur\u00e9. Par ailleurs, le Major Zouhair El Kandoussi a not\u00e9 \u00ab une situation s\u00e9curitaire relativement calme mais impr\u00e9visible sur l&rsquo;ensemble du pays \u00bb, regrettant que cette semaine \u00e0 Bangui, la criminalit\u00e9 continue d&rsquo;\u00eatre une pr\u00e9occupation s\u00e9rieuse dans la ville.<\/p>\n<p>\u00ab La Minusca continue inlassablement \u00e0 \u0153uvrer pour ramener la paix et la stabilit\u00e9 en R\u00e9publique centrafricaine et les r\u00e9fractaires de crimes de guerre seront traduits devant les juridictions comp\u00e9tentes \u00bb, a-t-il averti.<\/p>\n<p>Cet article <a rel=\"nofollow\" href=\"https:\/\/www.journalducameroun.com\/rca-la-minusca-deplore-la-proliferation-des-engins-explosifs\/\">RCA: la Minusca d\u00e9plore la prolif\u00e9ration des engins explosifs<\/a> est apparu en premier sur <a rel=\"nofollow\" href=\"https:\/\/www.journalducameroun.com\/\">Journal du Cameroun<\/a>.<\/p>\n<\/div>\n<p>Auteur: APA News<br \/>\n<a href=\"https:\/\/www.journalducameroun.com\/rca-la-minusca-deplore-la-proliferation-des-engins-explosifs\/\">Cliquez ici pour lire l&rsquo;article depuis sa source.<\/a><\/p>\n","protected":false},"excerpt":{"rendered":"<p>La Mission multidimensionnelle int\u00e9gr\u00e9e des Nations unies pour la stabilisation en R\u00e9publique centrafricaine (Minusca) affirme que cinq engins explosifs ont \u00e9t\u00e9 r\u00e9cemment d\u00e9couverts sur ses v\u00e9hicules et ceux des Forces arm\u00e9es centrafricains (Faca).A d\u00e9faut de pouvoir directement affronter les forces de d\u00e9fense et de s\u00e9curit\u00e9, les rebelles centrafricains changent d&rsquo;approche. Le porte-parole de la Force [&hellip;]<\/p>\n","protected":false},"author":1965,"featured_media":0,"comment_status":"closed","ping_status":"closed","sticky":false,"template":"","format":"standard","meta":{"fifu_image_url":"https:\/\/www.journalducameroun.com\/wp-content\/uploads\/2022\/01\/16420150832044.jpg","fifu_image_alt":"RCA: la Minusca d\u00e9plore la prolif\u00e9ration des engins explosifs","footnotes":""},"categories":[73,82],"tags":[],"class_list":["post-138377","post","type-post","status-publish","format-standard","hentry","category-actualite","category-cameroun"],"_links":{"self":[{"href":"https:\/\/linitiative.ca\/International\/wp-json\/wp\/v2\/posts\/138377","targetHints":{"allow":["GET"]}}],"collection":[{"href":"https:\/\/linitiative.ca\/International\/wp-json\/wp\/v2\/posts"}],"about":[{"href":"https:\/\/linitiative.ca\/International\/wp-json\/wp\/v2\/types\/post"}],"author":[{"embeddable":true,"href":"https:\/\/linitiative.ca\/International\/wp-json\/wp\/v2\/users\/1965"}],"replies":[{"embeddable":true,"href":"https:\/\/linitiative.ca\/International\/wp-json\/wp\/v2\/comments?post=138377"}],"version-history":[{"count":0,"href":"https:\/\/linitiative.ca\/International\/wp-json\/wp\/v2\/posts\/138377\/revisions"}],"wp:attachment":[{"href":"https:\/\/linitiative.ca\/International\/wp-json\/wp\/v2\/media?parent=138377"}],"wp:term":[{"taxonomy":"category","embeddable":true,"href":"https:\/\/linitiative.ca\/International\/wp-json\/wp\/v2\/categories?post=138377"},{"taxonomy":"post_tag","embeddable":true,"href":"https:\/\/linitiative.ca\/International\/wp-json\/wp\/v2\/tags?post=138377"}],"curies":[{"name":"wp","href":"https:\/\/api.w.org\/{rel}","templated":true}]}}