{"id":138379,"date":"2022-01-12T17:18:03","date_gmt":"2022-01-12T22:18:03","guid":{"rendered":"https:\/\/linitiative.ca\/International\/cote-divoire-adoption-dun-decret-instituant-le-teletravail\/"},"modified":"2022-01-12T17:18:03","modified_gmt":"2022-01-12T22:18:03","slug":"cote-divoire-adoption-dun-decret-instituant-le-teletravail","status":"publish","type":"post","link":"https:\/\/linitiative.ca\/International\/cote-divoire-adoption-dun-decret-instituant-le-teletravail\/","title":{"rendered":"C\u00f4te d\u2019Ivoire: adoption d\u2019un d\u00e9cret instituant le t\u00e9l\u00e9travail"},"content":{"rendered":"<div>\n<p><img decoding=\"async\" width=\"800\" height=\"533\" src=\"https:\/\/linitiative.ca\/International\/wp-content\/uploads\/sites\/23\/2022\/01\/16420258847370.jpg\" class=\"attachment-post-thumbnail size-post-thumbnail wp-post-image\" alt=\"\" loading=\"lazy\" srcset=\"https:\/\/linitiative.ca\/International\/wp-content\/uploads\/sites\/23\/2022\/01\/16420258847370.jpg 800w, https:\/\/www.journalducameroun.com\/wp-content\/uploads\/2022\/01\/16420258847370-300x200.jpg 300w, https:\/\/www.journalducameroun.com\/wp-content\/uploads\/2022\/01\/16420258847370-768x512.jpg 768w, https:\/\/www.journalducameroun.com\/wp-content\/uploads\/2022\/01\/16420258847370-660x440.jpg 660w, https:\/\/www.journalducameroun.com\/wp-content\/uploads\/2022\/01\/16420258847370-600x400.jpg 600w\" sizes=\"auto, (max-width: 800px) 100vw, 800px\"><\/p>\n<p>Le porte-parole adjoint du gouvernement ivoirien, Mamadou Tour\u00e9, a annonc\u00e9 mercredi l&rsquo;adoption d&rsquo;un d\u00e9cret instituant le t\u00e9l\u00e9travail, notamment pour les employ\u00e9s r\u00e9gis par le Code du travail, \u00e0 l&rsquo;issue d&rsquo;un Conseil des ministres.<\/p>\n<p>\u00ab\u00a0Le Conseil a adopt\u00e9 un d\u00e9cret fixant les modalit\u00e9s de mise en \u0153uvre du t\u00e9l\u00e9travail pour les travailleurs r\u00e9gis par le Code du travail\u00a0\u00bb, a indiqu\u00e9 \u00e0 la presse le porte-parole adjoint du gouvernement ivoirien.\u00a0<\/p>\n<p>Ce d\u00e9cret, dira-t-il, intervient en application du Code du travail qui a int\u00e9gr\u00e9 r\u00e9cemment la notion du t\u00e9l\u00e9travail, permettant au salari\u00e9 d&rsquo;ex\u00e9cuter partiellement ou enti\u00e8rement son travail aux moyens des technologies de l&rsquo;information, \u00ab\u00a0sur la base d&rsquo;un contrat avec son employeur\u00a0\u00bb.\u00a0<\/p>\n<p>Le texte pr\u00e9cise en outre les conditions de travail, les modalit\u00e9s d&rsquo;ex\u00e9cution du t\u00e9l\u00e9travail ainsi que les droits et obligations du t\u00e9l\u00e9travailleurs et de son employeur, \u00ab\u00a0de fa\u00e7on \u00e0 assurer la continuit\u00e9 du travail dans des circonstances exceptionnelles, en cas de forces majeures\u00a0\u00bb.\u00a0<\/p>\n<p>Cet article <a rel=\"nofollow\" href=\"https:\/\/www.journalducameroun.com\/cote-divoire-adoption-dun-decret-instituant-le-teletravail\/\">C\u00f4te d\u2019Ivoire: adoption d\u2019un d\u00e9cret instituant le t\u00e9l\u00e9travail<\/a> est apparu en premier sur <a rel=\"nofollow\" href=\"https:\/\/www.journalducameroun.com\/\">Journal du Cameroun<\/a>.<\/p>\n<\/div>\n<p>Auteur: APA News<br \/>\n<a href=\"https:\/\/www.journalducameroun.com\/cote-divoire-adoption-dun-decret-instituant-le-teletravail\/\">Cliquez ici pour lire l&rsquo;article depuis sa source.<\/a><\/p>\n","protected":false},"excerpt":{"rendered":"<p>Le porte-parole adjoint du gouvernement ivoirien, Mamadou Tour\u00e9, a annonc\u00e9 mercredi l&rsquo;adoption d&rsquo;un d\u00e9cret instituant le t\u00e9l\u00e9travail, notamment pour les employ\u00e9s r\u00e9gis par le Code du travail, \u00e0 l&rsquo;issue d&rsquo;un Conseil des ministres. \u00ab\u00a0Le Conseil a adopt\u00e9 un d\u00e9cret fixant les modalit\u00e9s de mise en \u0153uvre du t\u00e9l\u00e9travail pour les travailleurs r\u00e9gis par le Code [&hellip;]<\/p>\n","protected":false},"author":1965,"featured_media":0,"comment_status":"closed","ping_status":"closed","sticky":false,"template":"","format":"standard","meta":{"fifu_image_url":"https:\/\/www.journalducameroun.com\/wp-content\/uploads\/2022\/01\/16420258847370.jpg","fifu_image_alt":"C\u00f4te d\u2019Ivoire: adoption d\u2019un d\u00e9cret instituant le t\u00e9l\u00e9travail","footnotes":""},"categories":[73,82],"tags":[],"class_list":["post-138379","post","type-post","status-publish","format-standard","hentry","category-actualite","category-cameroun"],"_links":{"self":[{"href":"https:\/\/linitiative.ca\/International\/wp-json\/wp\/v2\/posts\/138379","targetHints":{"allow":["GET"]}}],"collection":[{"href":"https:\/\/linitiative.ca\/International\/wp-json\/wp\/v2\/posts"}],"about":[{"href":"https:\/\/linitiative.ca\/International\/wp-json\/wp\/v2\/types\/post"}],"author":[{"embeddable":true,"href":"https:\/\/linitiative.ca\/International\/wp-json\/wp\/v2\/users\/1965"}],"replies":[{"embeddable":true,"href":"https:\/\/linitiative.ca\/International\/wp-json\/wp\/v2\/comments?post=138379"}],"version-history":[{"count":0,"href":"https:\/\/linitiative.ca\/International\/wp-json\/wp\/v2\/posts\/138379\/revisions"}],"wp:attachment":[{"href":"https:\/\/linitiative.ca\/International\/wp-json\/wp\/v2\/media?parent=138379"}],"wp:term":[{"taxonomy":"category","embeddable":true,"href":"https:\/\/linitiative.ca\/International\/wp-json\/wp\/v2\/categories?post=138379"},{"taxonomy":"post_tag","embeddable":true,"href":"https:\/\/linitiative.ca\/International\/wp-json\/wp\/v2\/tags?post=138379"}],"curies":[{"name":"wp","href":"https:\/\/api.w.org\/{rel}","templated":true}]}}