{"id":138383,"date":"2022-01-12T13:52:59","date_gmt":"2022-01-12T18:52:59","guid":{"rendered":"https:\/\/linitiative.ca\/International\/beac-le-cameroun-demande-la-prorogation-du-mandat-du-directeur-national\/"},"modified":"2022-01-12T13:52:59","modified_gmt":"2022-01-12T18:52:59","slug":"beac-le-cameroun-demande-la-prorogation-du-mandat-du-directeur-national","status":"publish","type":"post","link":"https:\/\/linitiative.ca\/International\/beac-le-cameroun-demande-la-prorogation-du-mandat-du-directeur-national\/","title":{"rendered":"Beac : le Cameroun demande la prorogation du mandat du Directeur National"},"content":{"rendered":"<div>\n<p>Eug\u00e8ne Blaise Nsom ne dit pas non \u00e0 une prorogation de son bail \u00e0 la t\u00eate de la Direction Nationale de la Beac pour le Cameroun. Alors qu\u2019il a atteint l\u2019\u00e2ge de d\u00e9part \u00e0 la retraite, l\u2019ancien DG du Tr\u00e9sor au minist\u00e8re des finances\u00a0 pourrait bien \u00eatre maintenu \u00e0 son poste pour une ann\u00e9e suppl\u00e9mentaire. C\u2019est tout au moins le souhait des autorit\u00e9s camerounaises qui l\u2019ont fait savoir au gouverneur de la banque centrale, \u00e0 travers le ministre des Finances.\u00a0<\/p>\n<p>\u00ab\u00a0J\u2019ai pris connaissance de votre d\u00e9cision N\u00b0 002\/GR\/2022 portant int\u00e9rim du directeur national de la BEAC pour le Cameroun. Sans interf\u00e9rer ni ignorer vos pr\u00e9rogatives, et en toute conformit\u00e9 avec les hautes directives re\u00e7ues des autorit\u00e9s camerounaises, nous avions souhait\u00e9 une prorogation additionnelle, pour une dur\u00e9e d\u2019un an, des activit\u00e9s de Monsieur Blaise Eug\u00e8ne Nsom. Par cons\u00e9quent, je regrette que votre d\u00e9cision ait \u00e9t\u00e9 diffus\u00e9e et finalis\u00e9e sans concertations pr\u00e9alables comme cel\u00e0 est d\u2019usage, pour des fonctions de ce rang\u201d \u00e9crit Louis Paul Motaze dans une correspondance adress\u00e9e le 11 janvier dernier au gouverneur.\u00a0<\/p>\n<p>La requ\u00eate ne date pas d\u2019aujourd\u2019hui. Avant gardiste, l\u2019argentier national avait, 27 ao\u00fbt 2021, \u00e9mis le souhait d\u2019une prorogation du mandat d\u2019Eug\u00e8ne Blaise Nsom. Face \u00e0 la fin de non recevoir qui lui a \u00e9t\u00e9 servie, Louis Paul Motaze est revenu \u00e0 la charge 4 mois plus tard, brandissant cette fois le sceau de la Pr\u00e9sidence de la R\u00e9publique. \u201cJe voudrais vous informer que les termes de ma correspondance sus \u00e9voqu\u00e9e traduisent les orientations des hautes autorit\u00e9s de la R\u00e9publique du Cameroun et sont, du reste, en conformit\u00e9 avec les aspects statutaires de la Beac relatifs \u00e0 cet objet\u201d relevait-il. Des pr\u00e9cisions qui n\u2019ont, \u00e0 priori, pas influenc\u00e9 Abbas Mahamat Tolli. Le 06 janvier dernier le gouverneur de la banque centrale proc\u00e9dait \u00e0 la nomination de Zogo Nkada Achille et Asafor Emmanuel respectivement en service \u00e0 la Beac Nationale pour assurer l\u2019int\u00e9rim du Directeur National. \u201cCet int\u00e9rim, qui prend effet \u00e0 compter du 1er f\u00e9vrier 2022, prendra fin \u00e0 la prise de fonction du nouveau Directeur national\u201d pr\u00e9cisait-il.\u00a0<\/p>\n<p>Pour le Cameroun, il ne s\u2019agit point d\u2019un bras de fer avec l\u2019autorit\u00e9 mon\u00e9taire \u201cAussi ai-je l\u2019honneur, dans l\u2019int\u00e9r\u00eat commun de la Beac, du Cameroun et de notre sous r\u00e9gion, de nous inviter \u00e0 trouver une solution partag\u00e9e\u201d \u00e9crit Louis Paul Motaze.\u00a0<\/p>\n<p>Dipl\u00f4m\u00e9 de l\u2019Enam et de l\u2019Universit\u00e9 de Poitier en France, Eug\u00e8ne Blaise Nsom est pr\u00e9sent\u00e9 par son entourage comme un travailleur discret, brillant et tr\u00e8s connu des milieux financiers. \u201cLes autorit\u00e9s camerounaises appr\u00e9cient les qualit\u00e9s professionnelles et humaines de Monsieur Blaise Eug\u00e8ne Nsom. Sa collaboration et ses contributions \u00e0 l\u2019\u00e9laboration des r\u00e9formes des finances publiques, notamment dans le cadre des programmes \u00e9conomiques et financiers men\u00e9s avec le FMI sont capitales. A cet \u00e9gard, il a toujours fait preuve de proactivit\u00e9 et de c\u00e9l\u00e9rit\u00e9 dans le traitement des dossiers \u00e0 lui confi\u00e9s\u201d \u00e9crit Louis Paul Motaze.<br \/>Ce n\u2019est pas la premi\u00e8re fois que la Beac se trouve ainsi en d\u00e9saccord ouvert avec les Etats. En mars 2020, la suspension de 3 cadres de la Direction nationale du Congo avait provoqu\u00e9 la col\u00e8re de Brazzaville, qui avait alors demand\u00e9 au tchadien de revoir sa d\u00e9cision. Sollicitation rest\u00e9e lettre morte jusqu\u2019\u00e0 ce jour.<\/p>\n<p>L\u2019article <a rel=\"nofollow\" href=\"https:\/\/ecomatin.net\/beac-le-cameroun-demande-la-prorogation-n-du-mandat-du-directeur-national\/\">Beac : le Cameroun demande la prorogation du mandat du Directeur National<\/a> est apparu en premier sur <a rel=\"nofollow\" href=\"https:\/\/ecomatin.net\/\">EcoMatin<\/a>.<\/p>\n<\/div>\n<p>Auteur: Cedrick JIONGO<br \/>\n<a href=\"https:\/\/ecomatin.net\/beac-le-cameroun-demande-la-prorogation-n-du-mandat-du-directeur-national\/\">Cliquez ici pour lire l&rsquo;article depuis sa source.<\/a><\/p>\n","protected":false},"excerpt":{"rendered":"<p>Eug\u00e8ne Blaise Nsom ne dit pas non \u00e0 une prorogation de son bail \u00e0 la t\u00eate de la Direction Nationale de la Beac pour le Cameroun. Alors qu\u2019il a atteint l\u2019\u00e2ge de d\u00e9part \u00e0 la retraite, l\u2019ancien DG du Tr\u00e9sor au minist\u00e8re des finances\u00a0 pourrait bien \u00eatre maintenu \u00e0 son poste pour une ann\u00e9e suppl\u00e9mentaire. [&hellip;]<\/p>\n","protected":false},"author":1969,"featured_media":0,"comment_status":"closed","ping_status":"closed","sticky":false,"template":"","format":"standard","meta":{"fifu_image_url":"","fifu_image_alt":"","footnotes":""},"categories":[82,78],"tags":[],"class_list":["post-138383","post","type-post","status-publish","format-standard","hentry","category-cameroun","category-economie"],"_links":{"self":[{"href":"https:\/\/linitiative.ca\/International\/wp-json\/wp\/v2\/posts\/138383","targetHints":{"allow":["GET"]}}],"collection":[{"href":"https:\/\/linitiative.ca\/International\/wp-json\/wp\/v2\/posts"}],"about":[{"href":"https:\/\/linitiative.ca\/International\/wp-json\/wp\/v2\/types\/post"}],"author":[{"embeddable":true,"href":"https:\/\/linitiative.ca\/International\/wp-json\/wp\/v2\/users\/1969"}],"replies":[{"embeddable":true,"href":"https:\/\/linitiative.ca\/International\/wp-json\/wp\/v2\/comments?post=138383"}],"version-history":[{"count":0,"href":"https:\/\/linitiative.ca\/International\/wp-json\/wp\/v2\/posts\/138383\/revisions"}],"wp:attachment":[{"href":"https:\/\/linitiative.ca\/International\/wp-json\/wp\/v2\/media?parent=138383"}],"wp:term":[{"taxonomy":"category","embeddable":true,"href":"https:\/\/linitiative.ca\/International\/wp-json\/wp\/v2\/categories?post=138383"},{"taxonomy":"post_tag","embeddable":true,"href":"https:\/\/linitiative.ca\/International\/wp-json\/wp\/v2\/tags?post=138383"}],"curies":[{"name":"wp","href":"https:\/\/api.w.org\/{rel}","templated":true}]}}