{"id":138386,"date":"2022-01-12T14:27:56","date_gmt":"2022-01-12T19:27:56","guid":{"rendered":"https:\/\/linitiative.ca\/International\/importation-de-ble-le-gouvernement-etudie-la-possibilite-dapprovisionner-le-marche-local-en-ble-dorigine-turque\/"},"modified":"2022-01-12T14:27:56","modified_gmt":"2022-01-12T19:27:56","slug":"importation-de-ble-le-gouvernement-etudie-la-possibilite-dapprovisionner-le-marche-local-en-ble-dorigine-turque","status":"publish","type":"post","link":"https:\/\/linitiative.ca\/International\/importation-de-ble-le-gouvernement-etudie-la-possibilite-dapprovisionner-le-marche-local-en-ble-dorigine-turque\/","title":{"rendered":"Importation de bl\u00e9 : le gouvernement \u00e9tudie la possibilit\u00e9 d\u2019approvisionner le march\u00e9 local en bl\u00e9 d\u2019origine turque"},"content":{"rendered":"<div>\n<p>L\u2019ann\u00e9e derni\u00e8re, le ministre du Commerce, Luc Magloire Mbarga Atangana a re\u00e7u \u00e0 plusieurs reprises des acteurs de la fili\u00e8re meuni\u00e8re. \u00c0 chaque visite, ces derniers venaient discuter de la flamb\u00e9e des prix du bl\u00e9 \u00e0 l\u2019importation \u00a0et des solutions alternatives pour \u00e9viter que cette derni\u00e8re affecte de mani\u00e8re consid\u00e9rable le march\u00e9 local, notamment les prix finaux des produits d\u00e9riv\u00e9s. Malgr\u00e9 les assurances de la tutelle, la situation est rest\u00e9e la m\u00eame. Au grand dam des acteurs du secteur, qui d\u2019apr\u00e8s la Coalition camerounaise des consommateurs annoncent qu\u2019au courant de l\u2019ann\u00e9e 2021, ils enregistraient des pertes mensuelles de 5 milliards de F. \u00abLes meuniers d\u00e9clarent que le cout \u00a0suppl\u00e9mentaire de production par sac de farine de 50 kg qui \u00e9tait de 4500 FCFA entre f\u00e9vrier et mars 2021, se situe \u00e0 date \u00e0 6500 FCFA avec une perte globale mensuelle de 5 milliards de FCFA pour l\u2019ensemble du secteur\u00bb, pr\u00e9cise la coalition.<\/p>\n<p><strong>Lire aussi<\/strong> : <strong><a href=\"https:\/\/ecomatin.net\/materiaux-de-construction-vers-une-revision-n-en-hausse-des-prix-homologues\/\">Mat\u00e9riaux de construction : vers une r\u00e9vision en hausse des prix homologu\u00e9s<\/a><\/strong><\/p>\n<p>Dans la m\u00eame veine, les op\u00e9rateurs du secteur de la boulangerie d\u00e9plorent la hausse substantielle des co\u00fbts de production, occasionn\u00e9e par la flamb\u00e9e des prix des mati\u00e8res premi\u00e8res. Pour \u00e9quilibrer les charges, ces derniers ont donc pr\u00e9conis\u00e9 un r\u00e9ajustement du prix de la baguette \u00e0 150, 175, voire 200 F, a r\u00e9v\u00e9l\u00e9 la coalition nationale des consommateurs lors d\u2019un point de presse organis\u00e9 le 6 janvier 2021 \u00e0 Douala.<\/p>\n<p>Pour tenter de r\u00e9sorber cette crise qui se profile \u00e0 l\u2019horizon, le Groupement\u00a0 des industries meuni\u00e8res du Cameroun a saisi par correspondance le minist\u00e8re du Commerce. Il a notamment soumis \u00e0 son appr\u00e9ciation une offre d\u2019approvisionnement du march\u00e9 local en bl\u00e9 formul\u00e9e par la soci\u00e9t\u00e9 turque Dharma. Dans le d\u00e9tail, cette derni\u00e8re se propose de livrer annuellement \u00a0\u00a0au Cameroun, 600\u00a0000 tonnes de bl\u00e9 \u00e0 un prix sp\u00e9cial d\u00e9fiant toute concurrence. R\u00e9pondant \u00e0 cette sollicitation le 10 janvier dernier, Luc Magloire Mbarga Atangana a dit toute sa satisfaction. Il a ensuite annonc\u00e9 qu\u2019il avait transmis ladite offre \u00e0 la haute hi\u00e9rarchie pour avis et \u00e9ventuellement, validation.<\/p>\n<p><strong>Lire aussi<\/strong> : <strong><a href=\"https:\/\/ecomatin.net\/patisserie-les-menaces-qui-pesent-sur-le-prix-de-la-baguette\/\">P\u00e2tisserie : les menaces qui p\u00e8sent sur le prix de la baguette<\/a><\/strong><\/p>\n<p>\u00abJe note avec satisfaction votre int\u00e9r\u00eat pour la variante n<sup>0<\/sup>2, en l\u2019occurrence une commande annuelle de 600\u00a0000 tonnes, pour le prix de 285 USD\/ tonne, soit un prix inf\u00e9rieur de 120 euro\/tonne par rapport \u00e0 celui pratiqu\u00e9 sur le march\u00e9 \u00e0 l\u2019importation. Toutefois, vous sollicitez du gouvernement qu\u2019il ouvre \u00e0 son compte la lettre de cr\u00e9dit stand-by de cent-deux milliards six cent millions (102\u00a0600\u00a0000\u00a0000) exig\u00e9e par le fournisseur turc pour garantir ce prix de 285 USD, quitte \u00e0 ce que le gouvernement revende aux minoteries \u00a0le bl\u00e9 ainsi acquis, comme le fon par exemple les gouvernement \u00e9gyptien et tunisien. J\u2019ai l\u2019honneur de vous informer que je soumets votre sollicitation \u00e0 la tr\u00e8s haute sanction de la Hi\u00e9rarchie [\u2026]\u00bb, a indiqu\u00e9 le membre du gouvernement.<\/p>\n<p><strong>Lire aussi<\/strong> : <strong><a href=\"https:\/\/ecomatin.net\/consommation-incertitudes-sur-la-livraison-de-pain-a-bertoua\/\">Consommation : incertitudes sur la livraison de pain \u00e0 Bertoua<\/a><\/strong><\/p>\n<p>En attendant la r\u00e9ponse des autorit\u00e9s comp\u00e9tentes, le ministre du commerce demande aux acteurs de la fili\u00e8re meuni\u00e8re\u00a0\u00abde surseoir \u00e0 toute action unilat\u00e9rale\u00bb, surtout en ce moment\u00a0 o\u00f9 le Cameroun accueille la Coupe d\u2019Afrique des Nations de Football.<\/p>\n<p>L\u2019article <a rel=\"nofollow\" href=\"https:\/\/ecomatin.net\/importation-de-ble-le-gouvernement-etudie-la-possibilite-dapprovisionner-le-marche-local-en-ble-dorigine-turque\/\">Importation de bl\u00e9 : le gouvernement \u00e9tudie la possibilit\u00e9 d\u2019approvisionner le march\u00e9 local en bl\u00e9 d\u2019origine turque<\/a> est apparu en premier sur <a rel=\"nofollow\" href=\"https:\/\/ecomatin.net\/\">EcoMatin<\/a>.<\/p>\n<\/div>\n<p>Auteur: Claude Paul Tjeg<br \/>\n<a href=\"https:\/\/ecomatin.net\/importation-de-ble-le-gouvernement-etudie-la-possibilite-dapprovisionner-le-marche-local-en-ble-dorigine-turque\/\">Cliquez ici pour lire l&rsquo;article depuis sa source.<\/a><\/p>\n","protected":false},"excerpt":{"rendered":"<p>L\u2019ann\u00e9e derni\u00e8re, le ministre du Commerce, Luc Magloire Mbarga Atangana a re\u00e7u \u00e0 plusieurs reprises des acteurs de la fili\u00e8re meuni\u00e8re. \u00c0 chaque visite, ces derniers venaient discuter de la flamb\u00e9e des prix du bl\u00e9 \u00e0 l\u2019importation \u00a0et des solutions alternatives pour \u00e9viter que cette derni\u00e8re affecte de mani\u00e8re consid\u00e9rable le march\u00e9 local, notamment les [&hellip;]<\/p>\n","protected":false},"author":1969,"featured_media":0,"comment_status":"closed","ping_status":"closed","sticky":false,"template":"","format":"standard","meta":{"fifu_image_url":"","fifu_image_alt":"","footnotes":""},"categories":[82,78],"tags":[],"class_list":["post-138386","post","type-post","status-publish","format-standard","hentry","category-cameroun","category-economie"],"_links":{"self":[{"href":"https:\/\/linitiative.ca\/International\/wp-json\/wp\/v2\/posts\/138386","targetHints":{"allow":["GET"]}}],"collection":[{"href":"https:\/\/linitiative.ca\/International\/wp-json\/wp\/v2\/posts"}],"about":[{"href":"https:\/\/linitiative.ca\/International\/wp-json\/wp\/v2\/types\/post"}],"author":[{"embeddable":true,"href":"https:\/\/linitiative.ca\/International\/wp-json\/wp\/v2\/users\/1969"}],"replies":[{"embeddable":true,"href":"https:\/\/linitiative.ca\/International\/wp-json\/wp\/v2\/comments?post=138386"}],"version-history":[{"count":0,"href":"https:\/\/linitiative.ca\/International\/wp-json\/wp\/v2\/posts\/138386\/revisions"}],"wp:attachment":[{"href":"https:\/\/linitiative.ca\/International\/wp-json\/wp\/v2\/media?parent=138386"}],"wp:term":[{"taxonomy":"category","embeddable":true,"href":"https:\/\/linitiative.ca\/International\/wp-json\/wp\/v2\/categories?post=138386"},{"taxonomy":"post_tag","embeddable":true,"href":"https:\/\/linitiative.ca\/International\/wp-json\/wp\/v2\/tags?post=138386"}],"curies":[{"name":"wp","href":"https:\/\/api.w.org\/{rel}","templated":true}]}}