{"id":138388,"date":"2022-01-13T04:00:15","date_gmt":"2022-01-13T09:00:15","guid":{"rendered":"https:\/\/linitiative.ca\/International\/les-entraineurs-craignent-limpact-du-covid-19-sur-les-resultats\/"},"modified":"2022-01-13T04:00:15","modified_gmt":"2022-01-13T09:00:15","slug":"les-entraineurs-craignent-limpact-du-covid-19-sur-les-resultats","status":"publish","type":"post","link":"https:\/\/linitiative.ca\/International\/les-entraineurs-craignent-limpact-du-covid-19-sur-les-resultats\/","title":{"rendered":"Les entra\u00eeneurs craignent l\u2019impact du Covid-19 sur les r\u00e9sultats"},"content":{"rendered":"<div>\n<p><img loading=\"lazy\" decoding=\"async\" width=\"300\" height=\"153\" src=\"https:\/\/linitiative.ca\/International\/wp-content\/uploads\/sites\/23\/2022\/01\/CAN-au-Cameroun-300x153-1.jpg\" class=\"attachment-medium size-medium wp-post-image\" alt=\"\" srcset=\"https:\/\/linitiative.ca\/International\/wp-content\/uploads\/sites\/23\/2022\/01\/CAN-au-Cameroun-300x153-1.jpg 300w, https:\/\/aujourdhui.ma\/wp-content\/uploads\/2022\/01\/CAN-au-Cameroun-274x140.jpg 274w, https:\/\/aujourdhui.ma\/wp-content\/uploads\/2022\/01\/CAN-au-Cameroun.jpg 746w, https:\/\/aujourdhui.ma\/wp-content\/uploads\/2022\/01\/CAN-au-Cameroun-165x84.jpg 165w, https:\/\/aujourdhui.ma\/wp-content\/uploads\/2022\/01\/CAN-au-Cameroun-702x358.jpg 702w\" sizes=\"auto, (max-width: 300px) 100vw, 300px\"><\/p>\n<p><strong>La pand\u00e9mie de Covid-19 aura un impact r\u00e9el sur les r\u00e9sultats de la 33e \u00e9dition de la Coupe d\u2019Afrique des nations (CAN) qui a d\u00e9marr\u00e9 dimanche au Cameroun, estiment des s\u00e9lectionneurs d\u2019\u00e9quipes nationales africaines, dont celui des El\u00e9phants de C\u00f4te d\u2019Ivoire.<\/strong><span id=\"more-397293\"><\/span><\/p>\n<p>\u201cOui, c\u2019est clair que c\u2019est une donne \u00e0 prendre en compte, il y aura un nivellement des valeurs\u2019\u2019, a d\u00e9clar\u00e9 Patrick Beaumelle, le s\u00e9lectionneur des El\u00e9phants.<\/p>\n<p>\u201cNous sommes venus sans match de pr\u00e9paration, il y a eu le Covid-19 et aussi l\u2019accord entre la Fifa et la CAF qui nous a priv\u00e9 de nos joueurs jusqu\u2019au 3 janvier dernier\u2019\u2019, s\u2019est inqui\u00e9t\u00e9 le technicien fran\u00e7ais. A cause du Covid-19, les El\u00e9phants joueront sans Jean-Daniel Akpa-Akpro, test\u00e9 positif et souffrant d\u2019une pneumonie. Djamel Belmadi, le s\u00e9lectionneur des Fennecs d\u2019Alg\u00e9rie, champions d\u2019Afrique en titre, abonde dans le m\u00eame sens. Les \u00e9quipes risquent de faire face \u00e0 l\u2019incertitude \u00e0 cause de la pand\u00e9mie de coronavirus. Le s\u00e9lectionneur national du S\u00e9n\u00e9gal, Aliou Ciss\u00e9, a d\u00e9plor\u00e9 une \u2018\u2019situation compliqu\u00e9e et difficile\u2019\u2019, \u00e0 la veille de son match contre le Zimbabwe, 1-0. Les Lions ont \u00e9t\u00e9 oblig\u00e9s de jouer sans trois de leurs titulaires, le gardien Edouard Mendy, le d\u00e9fenseur Kalidou Koulibaly et l\u2019attaquant Famara Di\u00e9dhiou.<\/p>\n<p>Cinq autres footballeurs \u00e9taient confin\u00e9s au S\u00e9n\u00e9gal et n\u2019avaient pas rejoint le groupe quand l\u2019\u00e9quipe quittait Dakar, mercredi dernier.<br \/>\nLe Cap-Vert, la Guin\u00e9e, l\u2019Egypte, la Gambie, la Tunisie et le Gabon, qui a jou\u00e9 son match contre les Comores, lundi, sans le capitaine Pierre-Emerick Aubameyang et Mario Lemina, ont enregistr\u00e9 des cas de Covid-19 au sein de leur s\u00e9lection.<\/p>\n<\/div>\n<p>Auteur: ALM<br \/>\n<a href=\"https:\/\/aujourdhui.ma\/une\/les-entraineurs-craignent-limpact-du-covid-19-sur-les-resultats\">Cliquez ici pour lire l&rsquo;article depuis sa source.<\/a><\/p>\n","protected":false},"excerpt":{"rendered":"<p>La pand\u00e9mie de Covid-19 aura un impact r\u00e9el sur les r\u00e9sultats de la 33e \u00e9dition de la Coupe d\u2019Afrique des nations (CAN) qui a d\u00e9marr\u00e9 dimanche au Cameroun, estiment des s\u00e9lectionneurs d\u2019\u00e9quipes nationales africaines, dont celui des El\u00e9phants de C\u00f4te d\u2019Ivoire. \u201cOui, c\u2019est clair que c\u2019est une donne \u00e0 prendre en compte, il y aura [&hellip;]<\/p>\n","protected":false},"author":1759,"featured_media":0,"comment_status":"closed","ping_status":"closed","sticky":false,"template":"","format":"standard","meta":{"fifu_image_url":"https:\/\/aujourdhui.ma\/wp-content\/uploads\/2022\/01\/CAN-au-Cameroun-300x153.jpg","fifu_image_alt":"Les entra\u00eeneurs craignent l\u2019impact du Covid-19 sur les r\u00e9sultats","footnotes":""},"categories":[73,54],"tags":[],"class_list":["post-138388","post","type-post","status-publish","format-standard","hentry","category-actualite","category-maroc"],"_links":{"self":[{"href":"https:\/\/linitiative.ca\/International\/wp-json\/wp\/v2\/posts\/138388","targetHints":{"allow":["GET"]}}],"collection":[{"href":"https:\/\/linitiative.ca\/International\/wp-json\/wp\/v2\/posts"}],"about":[{"href":"https:\/\/linitiative.ca\/International\/wp-json\/wp\/v2\/types\/post"}],"author":[{"embeddable":true,"href":"https:\/\/linitiative.ca\/International\/wp-json\/wp\/v2\/users\/1759"}],"replies":[{"embeddable":true,"href":"https:\/\/linitiative.ca\/International\/wp-json\/wp\/v2\/comments?post=138388"}],"version-history":[{"count":0,"href":"https:\/\/linitiative.ca\/International\/wp-json\/wp\/v2\/posts\/138388\/revisions"}],"wp:attachment":[{"href":"https:\/\/linitiative.ca\/International\/wp-json\/wp\/v2\/media?parent=138388"}],"wp:term":[{"taxonomy":"category","embeddable":true,"href":"https:\/\/linitiative.ca\/International\/wp-json\/wp\/v2\/categories?post=138388"},{"taxonomy":"post_tag","embeddable":true,"href":"https:\/\/linitiative.ca\/International\/wp-json\/wp\/v2\/tags?post=138388"}],"curies":[{"name":"wp","href":"https:\/\/api.w.org\/{rel}","templated":true}]}}