{"id":138392,"date":"2022-01-13T10:09:41","date_gmt":"2022-01-13T15:09:41","guid":{"rendered":"https:\/\/linitiative.ca\/International\/premiere-tournee-dans-la-region-pour-staffan-de-mistura\/"},"modified":"2022-01-13T10:09:41","modified_gmt":"2022-01-13T15:09:41","slug":"premiere-tournee-dans-la-region-pour-staffan-de-mistura","status":"publish","type":"post","link":"https:\/\/linitiative.ca\/International\/premiere-tournee-dans-la-region-pour-staffan-de-mistura\/","title":{"rendered":"Premi\u00e8re tourn\u00e9e dans la r\u00e9gion pour Staffan de Mistura"},"content":{"rendered":"<div>\n<p><img loading=\"lazy\" decoding=\"async\" width=\"300\" height=\"153\" src=\"https:\/\/linitiative.ca\/International\/wp-content\/uploads\/sites\/23\/2022\/01\/bourita-di-mestora-300x153-1.jpg\" class=\"attachment-medium size-medium wp-post-image\" alt=\"\" srcset=\"https:\/\/linitiative.ca\/International\/wp-content\/uploads\/sites\/23\/2022\/01\/bourita-di-mestora-300x153-1.jpg 300w, https:\/\/aujourdhui.ma\/wp-content\/uploads\/2022\/01\/bourita-di-mestora-274x140.jpg 274w, https:\/\/aujourdhui.ma\/wp-content\/uploads\/2022\/01\/bourita-di-mestora-746x380.jpg 746w, https:\/\/aujourdhui.ma\/wp-content\/uploads\/2022\/01\/bourita-di-mestora-165x84.jpg 165w, https:\/\/aujourdhui.ma\/wp-content\/uploads\/2022\/01\/bourita-di-mestora-702x358.jpg 702w, https:\/\/aujourdhui.ma\/wp-content\/uploads\/2022\/01\/bourita-di-mestora.jpg 747w\" sizes=\"auto, (max-width: 300px) 100vw, 300px\"><\/p>\n<p><span style=\"color: #800000;\"><strong>Bourita s\u2019entretient avec l\u2019envoy\u00e9 personnel du secr\u00e9taire g\u00e9n\u00e9ral de l\u2019ONU pour le Sahara marocain<\/strong><\/span><span id=\"more-397307\"><\/span><\/p>\n<p>Les choses s\u00e9rieuses commencent pour Staffan de Mistura. Ce dernier d\u00e9marre sa premi\u00e8re tourn\u00e9e officielle dans la r\u00e9gion depuis sa nomination. Dans ce sens, le ministre des affaires \u00e9trang\u00e8res, de la coop\u00e9ration africaine et des Marocains r\u00e9sidant \u00e0 l\u2019\u00e9tranger, Nasser Bourita, s\u2019est entretenu, jeudi \u00e0 Rabat, avec l\u2019envoy\u00e9 personnel du secr\u00e9taire g\u00e9n\u00e9ral de l\u2019ONU pour le Sahara marocain.<\/p>\n<p>Cette s\u00e9ance de travail s\u2019est d\u00e9roul\u00e9e en pr\u00e9sence de l\u2019ambassadeur, repr\u00e9sentant permanent du Royaume du Maroc aupr\u00e8s de l\u2019ONU, Omar Hilale, indique un communiqu\u00e9 du minist\u00e8re des affaires \u00e9trang\u00e8res, de la coop\u00e9ration africaine, et des Marocains r\u00e9sidant \u00e0 l\u2019\u00e9tranger.<br \/>\nLa visite r\u00e9gionale de M. de Mistura s\u2019inscrit dans le cadre de la mise en \u0153uvre de la r\u00e9solution 2602 du Conseil de s\u00e9curit\u00e9, adopt\u00e9e le 29 octobre 2021, dans laquelle l\u2019instance ex\u00e9cutive de l\u2019ONU r\u00e9it\u00e8re son appel aux parties \u00e0 poursuivre leur engagement dans le processus des tables rondes, dans un esprit de r\u00e9alisme et de compromis, pour parvenir \u00e0 une solution politique r\u00e9aliste, pragmatique, durable et bas\u00e9e sur le compromis, ajoute la m\u00eame source. Lors de ces entretiens, la d\u00e9l\u00e9gation marocaine a r\u00e9it\u00e9r\u00e9 les fondamentaux de la position du Royaume, telle que rappel\u00e9e dans les discours de Sa Majest\u00e9 le Roi Mohammed VI \u00e0 l\u2019occasion des 45\u00e8me et 46\u00e8me anniversaires de la Marche Verte.<\/p>\n<p>En effet, le Souverain avait r\u00e9affirm\u00e9, dans lesdits discours, l\u2019attachement du Maroc \u00e0 la reprise du processus politique conduit sous l\u2019\u00e9gide exclusive de l\u2019ONU pour parvenir \u00e0 une solution politique sur la base de l\u2019Initiative marocaine d\u2019autonomie, dans le cadre du processus des tables rondes, en pr\u00e9sence des quatre participants, conclut le communiqu\u00e9.<\/p>\n<\/div>\n<p>Auteur: ALM<br \/>\n<a href=\"https:\/\/aujourdhui.ma\/politique\/premiere-tournee-dans-la-region-pour-staffan-de-mistura\">Cliquez ici pour lire l&rsquo;article depuis sa source.<\/a><\/p>\n","protected":false},"excerpt":{"rendered":"<p>Bourita s\u2019entretient avec l\u2019envoy\u00e9 personnel du secr\u00e9taire g\u00e9n\u00e9ral de l\u2019ONU pour le Sahara marocain Les choses s\u00e9rieuses commencent pour Staffan de Mistura. Ce dernier d\u00e9marre sa premi\u00e8re tourn\u00e9e officielle dans la r\u00e9gion depuis sa nomination. Dans ce sens, le ministre des affaires \u00e9trang\u00e8res, de la coop\u00e9ration africaine et des Marocains r\u00e9sidant \u00e0 l\u2019\u00e9tranger, Nasser Bourita, [&hellip;]<\/p>\n","protected":false},"author":1759,"featured_media":0,"comment_status":"closed","ping_status":"closed","sticky":false,"template":"","format":"standard","meta":{"fifu_image_url":"https:\/\/aujourdhui.ma\/wp-content\/uploads\/2022\/01\/bourita-di-mestora-300x153.jpg","fifu_image_alt":"Premi\u00e8re tourn\u00e9e dans la r\u00e9gion pour Staffan de Mistura","footnotes":""},"categories":[73,54],"tags":[],"class_list":["post-138392","post","type-post","status-publish","format-standard","hentry","category-actualite","category-maroc"],"_links":{"self":[{"href":"https:\/\/linitiative.ca\/International\/wp-json\/wp\/v2\/posts\/138392","targetHints":{"allow":["GET"]}}],"collection":[{"href":"https:\/\/linitiative.ca\/International\/wp-json\/wp\/v2\/posts"}],"about":[{"href":"https:\/\/linitiative.ca\/International\/wp-json\/wp\/v2\/types\/post"}],"author":[{"embeddable":true,"href":"https:\/\/linitiative.ca\/International\/wp-json\/wp\/v2\/users\/1759"}],"replies":[{"embeddable":true,"href":"https:\/\/linitiative.ca\/International\/wp-json\/wp\/v2\/comments?post=138392"}],"version-history":[{"count":0,"href":"https:\/\/linitiative.ca\/International\/wp-json\/wp\/v2\/posts\/138392\/revisions"}],"wp:attachment":[{"href":"https:\/\/linitiative.ca\/International\/wp-json\/wp\/v2\/media?parent=138392"}],"wp:term":[{"taxonomy":"category","embeddable":true,"href":"https:\/\/linitiative.ca\/International\/wp-json\/wp\/v2\/categories?post=138392"},{"taxonomy":"post_tag","embeddable":true,"href":"https:\/\/linitiative.ca\/International\/wp-json\/wp\/v2\/tags?post=138392"}],"curies":[{"name":"wp","href":"https:\/\/api.w.org\/{rel}","templated":true}]}}