{"id":138394,"date":"2022-01-13T10:14:11","date_gmt":"2022-01-13T15:14:11","guid":{"rendered":"https:\/\/linitiative.ca\/International\/akhannouch-reitere-lengagement-a-poursuivre-le-processus-dofficialisation-de-la-langue-amazighe\/"},"modified":"2022-01-13T10:14:11","modified_gmt":"2022-01-13T15:14:11","slug":"akhannouch-reitere-lengagement-a-poursuivre-le-processus-dofficialisation-de-la-langue-amazighe","status":"publish","type":"post","link":"https:\/\/linitiative.ca\/International\/akhannouch-reitere-lengagement-a-poursuivre-le-processus-dofficialisation-de-la-langue-amazighe\/","title":{"rendered":"Akhannouch r\u00e9it\u00e8re l\u2019engagement \u00e0 poursuivre le processus d\u2019officialisation de la langue amazighe"},"content":{"rendered":"<div>\n<p><img loading=\"lazy\" decoding=\"async\" width=\"300\" height=\"152\" src=\"https:\/\/linitiative.ca\/International\/wp-content\/uploads\/sites\/23\/2022\/01\/akhennouch-300x152-1.jpg\" class=\"attachment-medium size-medium wp-post-image\" alt=\"\" srcset=\"https:\/\/linitiative.ca\/International\/wp-content\/uploads\/sites\/23\/2022\/01\/akhennouch-300x152-1.jpg 300w, https:\/\/aujourdhui.ma\/wp-content\/uploads\/2022\/01\/akhennouch-274x140.jpg 274w, https:\/\/aujourdhui.ma\/wp-content\/uploads\/2022\/01\/akhennouch-746x380.jpg 746w, https:\/\/aujourdhui.ma\/wp-content\/uploads\/2022\/01\/akhennouch-165x84.jpg 165w, https:\/\/aujourdhui.ma\/wp-content\/uploads\/2022\/01\/akhennouch-702x358.jpg 702w, https:\/\/aujourdhui.ma\/wp-content\/uploads\/2022\/01\/akhennouch.jpg 748w\" sizes=\"auto, (max-width: 300px) 100vw, 300px\"><\/p>\n<p>Le chef du gouvernement, Aziz Akhannouch, a r\u00e9it\u00e9r\u00e9, jeudi \u00e0 Rabat, l\u2019engagement \u00e0 poursuivre le processus d\u2019officialisation de la langue amazighe, en l\u2019inscrivant dans un cadre d\u2019action national clair et en harmonie avec les dispositions de la constitution et avec la ferme volont\u00e9 Royale qui a renforc\u00e9 la place de la langue et de la culture amazighes sur la voie de la consolidation de l\u2019identit\u00e9 nationale, riche de ses affluents multiples et divers.<\/p>\n<p><span id=\"more-397310\"><\/span><\/p>\n<p>Depuis Son accession au tr\u00f4ne, SM le Roi Mohammed VI a conf\u00e9r\u00e9 \u00e0 la langue et \u00e0 la culture amazighes la place qu\u2019elles m\u00e9ritent dans l\u2019\u00e9dification de l\u2019identit\u00e9 nationale, \u00e0 travers Son soutien permanent \u00e0 cet affluent national et Ses instructions clairvoyantes qui illustrent le sens strat\u00e9gique du Souverain depuis le discours Royal fondateur d\u2019Ajdir en 2001, a soulign\u00e9 M. Akhannouch \u00e0 l\u2019ouverture du conseil de gouvernement, r\u00e9uni par visioconf\u00e9rence.<\/p>\n<p>\u00a0<\/p>\n<p>Le chef du gouvernement a pr\u00e9sent\u00e9, \u00e0 l\u2019occasion du Nouvel An amazigh 2972, ses f\u00e9licitations \u00e0 tous les citoyens et citoyennes, notant que cette date incarne l\u2019une des d\u00e9clinaisons et illustrations du capital commun de tous les Marocains, indique un communiqu\u00e9 du minist\u00e8re d\u00e9l\u00e9gu\u00e9 charg\u00e9 des relations avec le Parlement, porte-parole du gouvernement.<\/p>\n<p>\u00a0<\/p>\n<p>L\u2019officialisation de la langue amazighe dans la constitution \u00e9tant une d\u00e9cision et une volont\u00e9 Royales, le gouvernement se doit d\u2019acc\u00e9l\u00e9rer les chantiers strat\u00e9giques prioritaires stipul\u00e9s par la loi organique n\u00b026-16 relative aux \u00e9tapes de la mise en \u0153uvre du caract\u00e8re officiel de la langue amazighe et les modalit\u00e9s de son int\u00e9gration dans l\u2019enseignement et dans les diff\u00e9rents secteurs prioritaires de la vie publique, et la n\u00e9cessit\u00e9 de mobiliser les efforts et les ressources humaines, logistiques et financi\u00e8res, \u00e0 m\u00eame d\u2019en assurer la mise en \u0153uvre des dispositions.<\/p>\n<p>\u00a0<\/p>\n<p>Dans ce cadre, M. Akhannouch a indiqu\u00e9 que le gouvernement a entam\u00e9 son mandat avec des mesures audacieuses et concr\u00e8tes pour la promotion de l\u2019Amazigh, en particulier l\u2019attribution de 200 millions DH dans la loi de finances 2022 pour la mise en \u0153uvre du caract\u00e8re officiel de la langue amazighe, tout en s\u2019engageant \u00e0 relever progressivement le plafond jusqu\u2019\u00e0 un milliard de dirhams en 2025.<\/p>\n<p>\u00a0<\/p>\n<p>Le gouvernement poursuivra, avec d\u00e9termination, la concr\u00e9tisation de ses engagements tout au long de son mandat, afin de r\u00e9aliser les objectifs constitutionnels, la volont\u00e9 Royale et les aspirations du peuple li\u00e9es \u00e0 cet ambitieux chantier national, a-t-il assur\u00e9. Il a saisi l\u2019occasion pour rappeler aux membres du gouvernement la n\u00e9cessit\u00e9 de prendre toutes les mesures n\u00e9cessaires en vue de mettre en \u0153uvre le caract\u00e8re officiel de l\u2019Amazigh au sein des secteurs minist\u00e9riels et institutions sous leurs tutelles, d\u2019appuyer toutes les activit\u00e9s de valorisation de l\u2019Amazigh et de prot\u00e9ger son patrimoine culturel et civilisationnel sous toutes ses formes et expressions.<\/p>\n<p>\u00a0<\/p>\n<p>Akhannouch a ensuite annonc\u00e9 que la commission interminist\u00e9rielle permanente cr\u00e9\u00e9e en vertu de l\u2019article 34 de la loi organique n\u00b0 26-16 fixant le processus de mise en \u0153uvre du caract\u00e8re officiel de la langue amazighe, ainsi que les modalit\u00e9 de son int\u00e9gration dans l\u2019enseignement et dans les domaines prioritaires de la vie publique, se r\u00e9unira prochainement pour assurer le suivi et l\u2019accompagnement de la mise en \u0153uvre du caract\u00e8re officiel de l\u2019Amazigh et l\u2019examen du plan gouvernemental int\u00e9gr\u00e9 y aff\u00e9rant, lequel constituera une feuille de route claire et coh\u00e9rente pour l\u2019ensemble des secteurs gouvernementaux au cours de l\u2019actuel mandat gouvernemental.<\/p>\n<p>\u00a0<\/p>\n<\/div>\n<p>Auteur: ALM<br \/>\n<a href=\"https:\/\/aujourdhui.ma\/actualite\/akhannouch-reitere-lengagement-a-poursuivre-le-processus-dofficialisation-de-la-langue-amazighe\">Cliquez ici pour lire l&rsquo;article depuis sa source.<\/a><\/p>\n","protected":false},"excerpt":{"rendered":"<p>Le chef du gouvernement, Aziz Akhannouch, a r\u00e9it\u00e9r\u00e9, jeudi \u00e0 Rabat, l\u2019engagement \u00e0 poursuivre le processus d\u2019officialisation de la langue amazighe, en l\u2019inscrivant dans un cadre d\u2019action national clair et en harmonie avec les dispositions de la constitution et avec la ferme volont\u00e9 Royale qui a renforc\u00e9 la place de la langue et de la [&hellip;]<\/p>\n","protected":false},"author":1759,"featured_media":0,"comment_status":"closed","ping_status":"closed","sticky":false,"template":"","format":"standard","meta":{"fifu_image_url":"https:\/\/aujourdhui.ma\/wp-content\/uploads\/2022\/01\/akhennouch-300x152.jpg","fifu_image_alt":"Akhannouch r\u00e9it\u00e8re l\u2019engagement \u00e0 poursuivre le processus d\u2019officialisation de la langue amazighe","footnotes":""},"categories":[73,54],"tags":[],"class_list":["post-138394","post","type-post","status-publish","format-standard","hentry","category-actualite","category-maroc"],"_links":{"self":[{"href":"https:\/\/linitiative.ca\/International\/wp-json\/wp\/v2\/posts\/138394","targetHints":{"allow":["GET"]}}],"collection":[{"href":"https:\/\/linitiative.ca\/International\/wp-json\/wp\/v2\/posts"}],"about":[{"href":"https:\/\/linitiative.ca\/International\/wp-json\/wp\/v2\/types\/post"}],"author":[{"embeddable":true,"href":"https:\/\/linitiative.ca\/International\/wp-json\/wp\/v2\/users\/1759"}],"replies":[{"embeddable":true,"href":"https:\/\/linitiative.ca\/International\/wp-json\/wp\/v2\/comments?post=138394"}],"version-history":[{"count":0,"href":"https:\/\/linitiative.ca\/International\/wp-json\/wp\/v2\/posts\/138394\/revisions"}],"wp:attachment":[{"href":"https:\/\/linitiative.ca\/International\/wp-json\/wp\/v2\/media?parent=138394"}],"wp:term":[{"taxonomy":"category","embeddable":true,"href":"https:\/\/linitiative.ca\/International\/wp-json\/wp\/v2\/categories?post=138394"},{"taxonomy":"post_tag","embeddable":true,"href":"https:\/\/linitiative.ca\/International\/wp-json\/wp\/v2\/tags?post=138394"}],"curies":[{"name":"wp","href":"https:\/\/api.w.org\/{rel}","templated":true}]}}