{"id":138402,"date":"2022-01-12T13:00:00","date_gmt":"2022-01-12T18:00:00","guid":{"rendered":"https:\/\/linitiative.ca\/International\/le-pps-appelle-le-gouvernement-a-decreter-le-nouvel-an-amazigh-fete-nationale\/"},"modified":"2022-01-12T13:00:00","modified_gmt":"2022-01-12T18:00:00","slug":"le-pps-appelle-le-gouvernement-a-decreter-le-nouvel-an-amazigh-fete-nationale","status":"publish","type":"post","link":"https:\/\/linitiative.ca\/International\/le-pps-appelle-le-gouvernement-a-decreter-le-nouvel-an-amazigh-fete-nationale\/","title":{"rendered":"Le PPS appelle le gouvernement \u00e0 d\u00e9cr\u00e9ter le Nouvel An amazigh f\u00eate nationale"},"content":{"rendered":"<div>\n<p class=\"has-text-align-center has-text-color\" style=\"color:#065de5\"><strong>Communiqu\u00e9 du bureau politique du PPS du mardi 11 janvier 2022<\/strong><\/p>\n<p class=\"has-vivid-cyan-blue-color has-text-color\"><strong><u>C\u00e9l\u00e9bration de la pr\u00e9sentation du Manifeste de l\u2019Ind\u00e9pendance : significations patriotiques profondes<\/u><\/strong><\/p>\n<p class=\"has-black-color has-text-color\"><strong>Le bureau politique du Parti du Progr\u00e8s et du Socialisme, r\u00e9uni mardi 11 janvier 2022, a mis en exergue les significations patriotiques profondes de \u00a0l\u2019anniversaire de la pr\u00e9sentation du Manifeste de l\u2019Ind\u00e9pendance, c\u00e9l\u00e9br\u00e9 ce jour par le peuple marocain. Cet anniversaire renvoie \u00e0 des \u00e9pisodes glorieux de l\u2019histoire de notre pays, de sa r\u00e9sistance et de sa lutte pour la lib\u00e9ration et l\u2019\u00e9dification d\u2019un Maroc unifi\u00e9 et fort. A cette occasion, le bureau politique a soulign\u00e9 la n\u00e9cessite de veiller constamment au renforcement du sentiment d\u2019appartenance \u00e0 la patrie et du lien entre le pr\u00e9sent et le pass\u00e9 et de poursuivre la d\u00e9fense r\u00e9solue de notre Sahara marocain. Il a r\u00e9affirm\u00e9 aussi la n\u00e9cessit\u00e9 de veiller \u00e0 poursuivre l\u2019action pour consolider et parachever notre int\u00e9grit\u00e9 territoriale \u00e0 travers la r\u00e9cup\u00e9ration de Sebta, Melilia et des \u00celes Ja\u00e2farines, \u00e0 continuer d\u2019\u0153uvrer pour la pr\u00e9servation de la souverainet\u00e9 de notre pays et de l\u2019ind\u00e9pendance de sa d\u00e9cision dans le cadre d\u2019un front national solide et homog\u00e8ne.<\/strong><\/p>\n<p class=\"has-vivid-cyan-blue-color has-text-color\"><strong><u>V\u0153ux \u00e0 l\u2019occasion du Nouvel An amazigh et appel \u00e0 le d\u00e9cr\u00e9ter f\u00eate nationale.\u00a0\u00a0\u00a0<\/u><\/strong><\/p>\n<p class=\"has-black-color has-text-color\">\u00a0Le bureau politique a \u00e9galement pr\u00e9sent\u00e9 ses v\u0153ux \u00e0 Sa Majest\u00e9 le Roi et au peuple marocain tout entier \u00e0 l\u2019occasion de l\u2019av\u00e8nement du Nouvel An amazigh.\u00a0 A cette occasion, le Parti du Progr\u00e8s et du Socialisme a renouvel\u00e9 son appel au gouvernement \u00e0 acc\u00e9der \u00e0 la demande de d\u00e9cr\u00e9ter le Nouvel An amazigh f\u00eate nationale, compte tenu de la forte symbolique que rev\u00eat le sujet. Dans le m\u00eame temps le Parti du Progr\u00e8s et du Socialisme demande au gouvernement de prendre et de mettre en \u0153uvre des mesures concr\u00e8tes et r\u00e9elles pour la promotion de la situation de l\u2019amazighit\u00e9 et son int\u00e9gration dans tous les domaines de la vie, conform\u00e9ment aux dispositions de la Constitution et \u00e0 la pluralit\u00e9 effective des composantes et des affluents de la riche identit\u00e9 marocaine dans le cadre de l\u2019unit\u00e9 nationale.<\/p>\n<p class=\"has-vivid-cyan-blue-color has-text-color\">A<strong><u>ssurer la s\u00e9curit\u00e9 hydrique nationale et de soutenir les petits agriculteurs<\/u><\/strong><\/p>\n<p class=\"has-black-color has-text-color\">\u00a0Par ailleurs, le bureau politique a examin\u00e9 le retard et la faiblesse des pr\u00e9cipitations au cours de la saison actuelle, qui contribuent \u00e0 la d\u00e9t\u00e9rioration du niveau d\u00e9j\u00e0 bas des volumes d\u2019eaux disponibles dans la plupart des bassins hydrauliques et dans la majorit\u00e9 des barrages et menacent non seulement le secteur agricole, mais \u00e9galement la capacit\u00e9 d\u2019approvisionnement en eau potable dans de nombreuses villes et campagnes dans notre pays.<\/p>\n<p class=\"has-black-color has-text-color\">Partant de l\u00e0, le Parti du Progr\u00e8s et du Socialisme appelle le gouvernement \u00e0 prendre des mesures urgentes pour soutenir les petits agriculteurs en milieu rural, dont les probl\u00e8mes se sont aggrav\u00e9s du fait des r\u00e9percussions de la pand\u00e9mie et des effets de la s\u00e9cheresse, notamment \u00e0 la suite de l\u2019augmentation des prix des semences, des engrais et des aliments de b\u00e9tail. Il lui demande \u00e9galement d\u2019\u00e9laborer un plan pour assurer la s\u00e9curit\u00e9 hydrique nationale pour tous les usages, avec l\u2019imp\u00e9ratif de la r\u00e9vision du Plan Maroc Vert, \u00a0tenant compte de la pr\u00e9servation des richesses en eaux souterraines et de surface et de la promotion de la petite agriculture, du monde rural, des zones de montagne et des espaces recul\u00e9s.<\/p>\n<p class=\"has-vivid-cyan-blue-color has-text-color\"><strong><u>Situation \u00e9conomique\u00a0: pour un plan de relance solide<\/u><\/strong><\/p>\n<p class=\"has-black-color has-text-color\">Le bureau politique a par ailleurs examin\u00e9 dans leur globalit\u00e9 les r\u00e9percussions de la pand\u00e9mie dans notre pays. Il s\u2019est notamment arr\u00eat\u00e9 sur les difficult\u00e9s s\u00e9rieuses que connait la majorit\u00e9 des petites et moyennes entreprises nationales, dont nombre d\u2019entre elles ont fait faillite ou en sont menac\u00e9es dans diff\u00e9rents secteurs de production. Il a \u00e9galement soulign\u00e9 que cette situation a contribu\u00e9 \u00e0 l\u2019aggravation de la situation de crise d\u2019un grand nombre de travailleuses et de travailleurs.<\/p>\n<p class=\"has-black-color has-text-color\">Compte tenu de ce qui pr\u00e9c\u00e8de, le bureau politique consid\u00e8re que le gouvernement est appel\u00e9 \u00e0 \u00e9laborer sans tarder un v\u00e9ritable plan op\u00e9rationnel pour la sauvegarde et la relance des secteurs et des unit\u00e9s de production affect\u00e9s, sachant que la situation augure de davantage de d\u00e9t\u00e9rioration en fonction de l\u2019\u00e9volution de la situation sanitaire en rapport avec la pand\u00e9mie.<\/p>\n<p class=\"has-vivid-cyan-blue-color has-text-color\"><strong><u>Adoption du document \u00ab Dans la perspective des pr\u00e9paratifs du onzi\u00e8me Congr\u00e8s National : pistes de r\u00e9flexion et de d\u00e9bat \u00bb<\/u><\/strong><\/p>\n<p class=\"has-black-color has-text-color\">Au niveau de la vie interne du parti, le bureau politique a adopt\u00e9, \u00e0 l\u2019issue d\u2019un profond d\u00e9bat, le document\u00a0 intitul\u00e9 \u00ab Dans la perspective des pr\u00e9paratifs du onzi\u00e8me Congr\u00e8s National : pistes de r\u00e9flexion et de d\u00e9bat \u00bb, en tant que papier introductif qui a pour objectif d\u2019encadrer le processus pr\u00e9paratoire du onzi\u00e8me congr\u00e8s national et de d\u00e9finir le cap strat\u00e9gique du Parti visant \u00e0 pr\u00e9server son identit\u00e9, ses principes et ses orientations, \u00e0 r\u00e9nover ses approches et ses m\u00e9thodes de travail, \u00e0 \u00e9largir ses rangs et \u00e0 renforcer sa place au sein du paysage national.<\/p>\n<p>L\u2019article <a rel=\"nofollow\" href=\"http:\/\/albayane.press.ma\/le-pps-appelle-le-gouvernement-a-decreter-le-nouvel-an-amazigh-fete-nationale.html\">Le PPS appelle le gouvernement \u00e0 d\u00e9cr\u00e9ter le Nouvel An amazigh f\u00eate nationale<\/a> est apparu en premier sur <a rel=\"nofollow\" href=\"http:\/\/albayane.press.ma\/\">ALBAYANE<\/a>.<\/p>\n<\/div>\n<p>Auteur: M&rsquo;hammed rahal<br \/>\n<a href=\"http:\/\/albayane.press.ma\/le-pps-appelle-le-gouvernement-a-decreter-le-nouvel-an-amazigh-fete-nationale.html\">Cliquez ici pour lire l&rsquo;article depuis sa source.<\/a><\/p>\n","protected":false},"excerpt":{"rendered":"<p>Communiqu\u00e9 du bureau politique du PPS du mardi 11 janvier 2022 C\u00e9l\u00e9bration de la pr\u00e9sentation du Manifeste de l\u2019Ind\u00e9pendance : significations patriotiques profondes Le bureau politique du Parti du Progr\u00e8s et du Socialisme, r\u00e9uni mardi 11 janvier 2022, a mis en exergue les significations patriotiques profondes de \u00a0l\u2019anniversaire de la pr\u00e9sentation du Manifeste de l\u2019Ind\u00e9pendance, [&hellip;]<\/p>\n","protected":false},"author":1760,"featured_media":0,"comment_status":"closed","ping_status":"closed","sticky":false,"template":"","format":"standard","meta":{"fifu_image_url":"","fifu_image_alt":"","footnotes":""},"categories":[73,54],"tags":[],"class_list":["post-138402","post","type-post","status-publish","format-standard","hentry","category-actualite","category-maroc"],"_links":{"self":[{"href":"https:\/\/linitiative.ca\/International\/wp-json\/wp\/v2\/posts\/138402","targetHints":{"allow":["GET"]}}],"collection":[{"href":"https:\/\/linitiative.ca\/International\/wp-json\/wp\/v2\/posts"}],"about":[{"href":"https:\/\/linitiative.ca\/International\/wp-json\/wp\/v2\/types\/post"}],"author":[{"embeddable":true,"href":"https:\/\/linitiative.ca\/International\/wp-json\/wp\/v2\/users\/1760"}],"replies":[{"embeddable":true,"href":"https:\/\/linitiative.ca\/International\/wp-json\/wp\/v2\/comments?post=138402"}],"version-history":[{"count":0,"href":"https:\/\/linitiative.ca\/International\/wp-json\/wp\/v2\/posts\/138402\/revisions"}],"wp:attachment":[{"href":"https:\/\/linitiative.ca\/International\/wp-json\/wp\/v2\/media?parent=138402"}],"wp:term":[{"taxonomy":"category","embeddable":true,"href":"https:\/\/linitiative.ca\/International\/wp-json\/wp\/v2\/categories?post=138402"},{"taxonomy":"post_tag","embeddable":true,"href":"https:\/\/linitiative.ca\/International\/wp-json\/wp\/v2\/tags?post=138402"}],"curies":[{"name":"wp","href":"https:\/\/api.w.org\/{rel}","templated":true}]}}