{"id":138403,"date":"2022-01-12T13:00:00","date_gmt":"2022-01-12T18:00:00","guid":{"rendered":"https:\/\/linitiative.ca\/International\/le-grand-malheur-des-zones-glaciales\/"},"modified":"2022-01-12T13:00:00","modified_gmt":"2022-01-12T18:00:00","slug":"le-grand-malheur-des-zones-glaciales","status":"publish","type":"post","link":"https:\/\/linitiative.ca\/International\/le-grand-malheur-des-zones-glaciales\/","title":{"rendered":"Le grand malheur des zones glaciales"},"content":{"rendered":"<div>\n<p class=\"has-black-color has-text-color\"><strong>La pluie tarde \u00e0 venir et s\u00e8me le d\u00e9sarroi dans nombre de r\u00e9gions du Royaume. Les champs des petits agriculteurs se d\u00e9shydratent, au fil du temps. De surcro\u00eet, la vague de froid glacial qui souffle dans la quasi-totalit\u00e9 du territoire national est en passe d\u2019occasionner de gros d\u00e9g\u00e2ts. Les paysans p\u00e2tissent devant ces intemp\u00e9ries, de plus en plus rudes. Comme l\u2019on sait, ces agriculteurs qui exercent globalement des activit\u00e9s vivri\u00e8res, sont, pour la plupart, \u00e9touff\u00e9s par des charges et des cr\u00e9dits. La zone du Souss Massa, \u00e0 titre indicatif, s\u2019affecte profond\u00e9ment par cette p\u00e9nurie pluviale, mais \u00e9galement par l\u2019avalanche de qui s\u2019attaque aux productions agricoles, en particulier dans les contr\u00e9es montagneuses de Taroudant et de Chtouka Ait Baha. Les pertes g\u00e9n\u00e9r\u00e9es par ces carences hydriques et ces aust\u00e9rit\u00e9s climatiques, prennent de l\u2019ampleur chez les petits agriculteurs dont les cultures ne sont pas prot\u00e9g\u00e9es. Cette situation tend \u00e0 pr\u00e9occuper cette large frange de populations rurales d\u00e9favoris\u00e9es. Leurs pairs ouvriers agricoles, quant \u00e0 eux, souffrent le martyr avec un patronat qui, \u00e0 longueur de journ\u00e9e, n\u2019h\u00e9site pas \u00e0 violer les dispositions du code de travail et, en cons\u00e9quence, \u00e0 limoger les travailleurs pour des motifs infond\u00e9s. Il faut dire que les affres des petits agriculteurs se sont accentu\u00e9es par le manque des pr\u00e9cipitations. On se demande aujourd\u2019hui, comment pourraient-ils joindre les deux bouts. Tous les efforts consentis en termes d\u2019injection d\u2019appuis pour la valorisation de ces productions abattues, d\u2019une traite, par le froid de canard, accompagn\u00e9 de vent ravageur, sont tomb\u00e9s \u00e0 l\u2019eau et causent une r\u00e9elle calamit\u00e9 dans les milieux agricoles. La probl\u00e9matique de l\u2019assurance des plantations et d\u2019indemnisation des petits fellahs est pos\u00e9e de mani\u00e8re franche et s\u00e9rieuse. D\u2019autre part, les d\u00e9t\u00e9riorations qu\u2019ont connues toutes ces esp\u00e8ces agricoles auront pareillement des incidences n\u00e9gatives sur le march\u00e9 interne. Le consommateur verra les prix des l\u00e9gumes constamment en hausse, au moment o\u00f9 les mati\u00e8res premi\u00e8res ne cessent de flamber. Ces d\u00e9g\u00e2ts dont le volume n\u2019est pas encore identifi\u00e9 provoqueront aussi des d\u00e9s\u00e9quilibres certains et auront des effets n\u00e9gatifs sur les disparit\u00e9s sociales. Ce qui montre bien le degr\u00e9 des pertes envisag\u00e9s et on voit mal comment on arriverait \u00e0 les combler, d\u2019autant que ces cultures approvisionnent substantiellement le march\u00e9 interne. Il \u00a0serait donc urgent d\u2019intervenir dans les meilleurs d\u00e9lais afin de sauver la saison agricole et de pr\u00e9server les int\u00e9r\u00eats des petits agriculteurs qui endurent le calvaire. Il est question de leur apporter tout le soutien n\u00e9cessaire pour qu\u2019ils se lib\u00e8rent du marasme des endettements et des cr\u00e9dits et de s\u2019atteler \u00e0 mettre en \u0153uvre une loi d\u2019assurance relative aux productions agricoles qui s\u2019affectent par les changements impr\u00e9vus du climat entrainant les vagues de froid glacial ou de chaleur torride.<\/strong><\/p>\n<p>L\u2019article <a rel=\"nofollow\" href=\"http:\/\/albayane.press.ma\/le-grand-malheur-des-zones-glaciales.html\">Le grand malheur des zones glaciales<\/a> est apparu en premier sur <a rel=\"nofollow\" href=\"http:\/\/albayane.press.ma\/\">ALBAYANE<\/a>.<\/p>\n<\/div>\n<p>Auteur: M&rsquo;hammed rahal<br \/>\n<a href=\"http:\/\/albayane.press.ma\/le-grand-malheur-des-zones-glaciales.html\">Cliquez ici pour lire l&rsquo;article depuis sa source.<\/a><\/p>\n","protected":false},"excerpt":{"rendered":"<p>La pluie tarde \u00e0 venir et s\u00e8me le d\u00e9sarroi dans nombre de r\u00e9gions du Royaume. Les champs des petits agriculteurs se d\u00e9shydratent, au fil du temps. De surcro\u00eet, la vague de froid glacial qui souffle dans la quasi-totalit\u00e9 du territoire national est en passe d\u2019occasionner de gros d\u00e9g\u00e2ts. Les paysans p\u00e2tissent devant ces intemp\u00e9ries, de [&hellip;]<\/p>\n","protected":false},"author":1760,"featured_media":0,"comment_status":"closed","ping_status":"closed","sticky":false,"template":"","format":"standard","meta":{"fifu_image_url":"","fifu_image_alt":"","footnotes":""},"categories":[73,54],"tags":[],"class_list":["post-138403","post","type-post","status-publish","format-standard","hentry","category-actualite","category-maroc"],"_links":{"self":[{"href":"https:\/\/linitiative.ca\/International\/wp-json\/wp\/v2\/posts\/138403","targetHints":{"allow":["GET"]}}],"collection":[{"href":"https:\/\/linitiative.ca\/International\/wp-json\/wp\/v2\/posts"}],"about":[{"href":"https:\/\/linitiative.ca\/International\/wp-json\/wp\/v2\/types\/post"}],"author":[{"embeddable":true,"href":"https:\/\/linitiative.ca\/International\/wp-json\/wp\/v2\/users\/1760"}],"replies":[{"embeddable":true,"href":"https:\/\/linitiative.ca\/International\/wp-json\/wp\/v2\/comments?post=138403"}],"version-history":[{"count":0,"href":"https:\/\/linitiative.ca\/International\/wp-json\/wp\/v2\/posts\/138403\/revisions"}],"wp:attachment":[{"href":"https:\/\/linitiative.ca\/International\/wp-json\/wp\/v2\/media?parent=138403"}],"wp:term":[{"taxonomy":"category","embeddable":true,"href":"https:\/\/linitiative.ca\/International\/wp-json\/wp\/v2\/categories?post=138403"},{"taxonomy":"post_tag","embeddable":true,"href":"https:\/\/linitiative.ca\/International\/wp-json\/wp\/v2\/tags?post=138403"}],"curies":[{"name":"wp","href":"https:\/\/api.w.org\/{rel}","templated":true}]}}