{"id":138406,"date":"2022-01-12T13:00:00","date_gmt":"2022-01-12T18:00:00","guid":{"rendered":"https:\/\/linitiative.ca\/International\/lequipe-nationale-u23-en-stage-de-preparation-a-maamora\/"},"modified":"2022-01-12T13:00:00","modified_gmt":"2022-01-12T18:00:00","slug":"lequipe-nationale-u23-en-stage-de-preparation-a-maamora","status":"publish","type":"post","link":"https:\/\/linitiative.ca\/International\/lequipe-nationale-u23-en-stage-de-preparation-a-maamora\/","title":{"rendered":"L\u2019\u00e9quipe nationale U23 en stage de pr\u00e9paration \u00e0 Ma\u00e2mora"},"content":{"rendered":"<div>\n<p class=\"has-black-color has-text-color\"><strong>La s\u00e9lection nationale des moins de 23 ans effectuera un stage de pr\u00e9paration \u00e0 huis clos au complexe Mohammed VI de football \u00e0 Ma\u00e2mora, a annonc\u00e9 la F\u00e9d\u00e9ration royale marocaine de football (FRMF).<\/strong><\/p>\n<p class=\"has-black-color has-text-color\">A cet effet, 24 joueurs ont \u00e9t\u00e9 convoqu\u00e9s pour prendre part \u00e0 ce stage qui se poursuivra jusqu\u2019au 15 courant, indique la FRMF dans un communiqu\u00e9.<\/p>\n<p class=\"has-black-color has-text-color\"><strong>Voici la liste des joueurs retenus:<\/strong><\/p>\n<p class=\"has-black-color has-text-color\">1. Hamza Bouskal (Union Touarga)<\/p>\n<p>2. Taoufik Ben Tayeb (Acad\u00e9mie Mohammed VI de football)<\/p>\n<p>3. Mohammed Jawab (Acad\u00e9mie Mohammed VI de football)<\/p>\n<p>4. Oussama Raoui (FUS de Rabat)<\/p>\n<p>5. Achraf Ramzi (FUS de Rabat)<\/p>\n<p>6. El Mehdi Moubarik (FUS de Rabat)<\/p>\n<p>7. Mountassir Lahtimi (FUS de Rabat)<\/p>\n<p>8. Mohammed Souboul (Raja de Casablanca)<\/p>\n<p>9. Zakaria Derouich (Chabab Mohammedia)<\/p>\n<p>10. Ismail Kourad (Mouloudia Oujda)<\/p>\n<p>11. Ayoub El Melyani (AS FAR)<\/p>\n<p>12. Hamza Darai (Difaa El Jadida)<\/p>\n<p>13. Abdellah Farah (Raja de Casablanca)<\/p>\n<p>14. Mohammed Reda Asmama (Union Touarga)<\/p>\n<p>15. Oussama Zemraoui (Chabab Mohammedia)<\/p>\n<p>16. Bilal Ouadghiri (Maghreb de F\u00e8s)<\/p>\n<p>17. Charaf Eddine Boulahroud (Chabab Mohammedia)<\/p>\n<p>18. Amine Saouane (Mouloudia Oujda)<\/p>\n<p>19. Salaheddine Rouhli (Olympic de Safi)<\/p>\n<p>20. Abdellah Himoud (Wydad de Casablanca)<\/p>\n<p>21. El Mehdi Dina (Olympic de Safi)<\/p>\n<p>22. Rachid Ghanimi (Rapide Oued Zem)<\/p>\n<p>23. Soufiane Benjdida (Raja de Casablanca)<\/p>\n<p>24. Ayoub Moulouaa (FUS de Rabat)<\/p>\n<p>L\u2019article <a rel=\"nofollow\" href=\"http:\/\/albayane.press.ma\/lequipe-nationale-u23-en-stage-de-preparation-a-maamora.html\">L\u2019\u00e9quipe nationale U23 en stage de pr\u00e9paration \u00e0 Ma\u00e2mora<\/a> est apparu en premier sur <a rel=\"nofollow\" href=\"http:\/\/albayane.press.ma\/\">ALBAYANE<\/a>.<\/p>\n<\/div>\n<p>Auteur: M&rsquo;hammed rahal<br \/>\n<a href=\"http:\/\/albayane.press.ma\/lequipe-nationale-u23-en-stage-de-preparation-a-maamora.html\">Cliquez ici pour lire l&rsquo;article depuis sa source.<\/a><\/p>\n","protected":false},"excerpt":{"rendered":"<p>La s\u00e9lection nationale des moins de 23 ans effectuera un stage de pr\u00e9paration \u00e0 huis clos au complexe Mohammed VI de football \u00e0 Ma\u00e2mora, a annonc\u00e9 la F\u00e9d\u00e9ration royale marocaine de football (FRMF). A cet effet, 24 joueurs ont \u00e9t\u00e9 convoqu\u00e9s pour prendre part \u00e0 ce stage qui se poursuivra jusqu\u2019au 15 courant, indique la [&hellip;]<\/p>\n","protected":false},"author":1760,"featured_media":0,"comment_status":"closed","ping_status":"closed","sticky":false,"template":"","format":"standard","meta":{"fifu_image_url":"","fifu_image_alt":"","footnotes":""},"categories":[73,54],"tags":[],"class_list":["post-138406","post","type-post","status-publish","format-standard","hentry","category-actualite","category-maroc"],"_links":{"self":[{"href":"https:\/\/linitiative.ca\/International\/wp-json\/wp\/v2\/posts\/138406","targetHints":{"allow":["GET"]}}],"collection":[{"href":"https:\/\/linitiative.ca\/International\/wp-json\/wp\/v2\/posts"}],"about":[{"href":"https:\/\/linitiative.ca\/International\/wp-json\/wp\/v2\/types\/post"}],"author":[{"embeddable":true,"href":"https:\/\/linitiative.ca\/International\/wp-json\/wp\/v2\/users\/1760"}],"replies":[{"embeddable":true,"href":"https:\/\/linitiative.ca\/International\/wp-json\/wp\/v2\/comments?post=138406"}],"version-history":[{"count":0,"href":"https:\/\/linitiative.ca\/International\/wp-json\/wp\/v2\/posts\/138406\/revisions"}],"wp:attachment":[{"href":"https:\/\/linitiative.ca\/International\/wp-json\/wp\/v2\/media?parent=138406"}],"wp:term":[{"taxonomy":"category","embeddable":true,"href":"https:\/\/linitiative.ca\/International\/wp-json\/wp\/v2\/categories?post=138406"},{"taxonomy":"post_tag","embeddable":true,"href":"https:\/\/linitiative.ca\/International\/wp-json\/wp\/v2\/tags?post=138406"}],"curies":[{"name":"wp","href":"https:\/\/api.w.org\/{rel}","templated":true}]}}