{"id":138408,"date":"2022-01-13T05:12:31","date_gmt":"2022-01-13T10:12:31","guid":{"rendered":"https:\/\/linitiative.ca\/International\/previsions-meteorologiques-pour-le-vendredi-14-janvier-2022\/"},"modified":"2022-01-13T05:12:31","modified_gmt":"2022-01-13T10:12:31","slug":"previsions-meteorologiques-pour-le-vendredi-14-janvier-2022","status":"publish","type":"post","link":"https:\/\/linitiative.ca\/International\/previsions-meteorologiques-pour-le-vendredi-14-janvier-2022\/","title":{"rendered":"Pr\u00e9visions m\u00e9t\u00e9orologiques pour le vendredi 14 janvier 2022"},"content":{"rendered":"<div>\n<div style=\"margin-bottom:20px;\"><img loading=\"lazy\" decoding=\"async\" width=\"750\" height=\"430\" src=\"https:\/\/linitiative.ca\/International\/wp-content\/uploads\/sites\/23\/2022\/01\/nuage_mC3A9tC3A9o_ciel.jpg\" class=\"attachment-post-thumbnail size-post-thumbnail wp-post-image\" alt=\"\" srcset=\"https:\/\/linitiative.ca\/International\/wp-content\/uploads\/sites\/23\/2022\/01\/nuage_mC3A9tC3A9o_ciel.jpg 750w, https:\/\/www.mapmarrakech.ma\/map\/uploads\/2022\/01\/nuage_m\u00e9t\u00e9o_ciel-300x172.jpg 300w\" sizes=\"auto, (max-width: 750px) 100vw, 750px\"><\/div>\n<p>\u2013 Temps assez froid sur l\u2019Atlas, le Rif, l\u2019Oriental et le Sud-Est avec de la gel\u00e9e locale.<\/p>\n<p>\u2013 Brume ou brouillard la matin\u00e9e et la nuit localement sur les c\u00f4tes atlantiques Nord et Sud.<\/p>\n<p>\u2013 Gouttes de pluie locales sur le Haut Atlas et l\u2019Ouest de la M\u00e9diterran\u00e9e.<\/p>\n<p>\u2013 Ciel peu \u00e0 passag\u00e8rement nuageux sur l\u2019extr\u00eame Sud du pays.<\/p>\n<p>\u2013 Ond\u00e9es \u00e9parses la nuit suivante sur l\u2019Est de la M\u00e9diterran\u00e9e.<\/p>\n<p>\u2013 Chasse-poussi\u00e8res fr\u00e9quentes sur les r\u00e9gions Sud.<\/p>\n<p>\u2013 Vent assez fort d\u2019est sur les provinces Sahariennes et le Tang\u00e9rois.<\/p>\n<p>\u2013 Temp\u00e9ratures minimales de l\u2019ordre de -04\/02\u00b0C sur l\u2019Atlas, -01\/05\u00b0C sur le Rif, l\u2019Oriental et Oulm\u00e8s, 09\/16\u00b0C sur les c\u00f4tes, le Souss et le Sud et de 04\/10\u00b0C partout ailleurs.<\/p>\n<p>\u2013 Temp\u00e9ratures maximales en l\u00e9g\u00e8re baisse sur la majeure partie du Royaume.<\/p>\n<p>\u2013 Mer agit\u00e9e \u00e0 forte en M\u00e9diterran\u00e9e et sur le D\u00e9troit et peu agit\u00e9e \u00e0 agit\u00e9e le long des c\u00f4tes atlantiques.<\/p>\n<p>The post <a rel=\"nofollow\" href=\"https:\/\/www.mapmarrakech.ma\/fr\/previsions-meteorologiques-pour-le-vendredi-14-janvier-2022\/\">Pr\u00e9visions m\u00e9t\u00e9orologiques pour le vendredi 14 janvier 2022<\/a> appeared first on <a rel=\"nofollow\" href=\"https:\/\/www.mapmarrakech.ma\/fr\">MapMarrakech<\/a>.<\/p>\n<\/div>\n<p>Auteur: Meriem IGASS<br \/>\n<a href=\"https:\/\/www.mapmarrakech.ma\/fr\/previsions-meteorologiques-pour-le-vendredi-14-janvier-2022\/\">Cliquez ici pour lire l&rsquo;article depuis sa source.<\/a><\/p>\n","protected":false},"excerpt":{"rendered":"<p>\u2013 Temps assez froid sur l\u2019Atlas, le Rif, l\u2019Oriental et le Sud-Est avec de la gel\u00e9e locale. \u2013 Brume ou brouillard la matin\u00e9e et la nuit localement sur les c\u00f4tes atlantiques Nord et Sud. \u2013 Gouttes de pluie locales sur le Haut Atlas et l\u2019Ouest de la M\u00e9diterran\u00e9e. \u2013 Ciel peu \u00e0 passag\u00e8rement nuageux sur [&hellip;]<\/p>\n","protected":false},"author":1788,"featured_media":0,"comment_status":"closed","ping_status":"closed","sticky":false,"template":"","format":"standard","meta":{"fifu_image_url":"https:\/\/www.mapmarrakech.ma\/map\/uploads\/2022\/01\/nuage_m\u00e9t\u00e9o_ciel.jpg","fifu_image_alt":"Pr\u00e9visions m\u00e9t\u00e9orologiques pour le vendredi 14 janvier 2022","footnotes":""},"categories":[54,76],"tags":[],"class_list":["post-138408","post","type-post","status-publish","format-standard","hentry","category-maroc","category-regions"],"_links":{"self":[{"href":"https:\/\/linitiative.ca\/International\/wp-json\/wp\/v2\/posts\/138408","targetHints":{"allow":["GET"]}}],"collection":[{"href":"https:\/\/linitiative.ca\/International\/wp-json\/wp\/v2\/posts"}],"about":[{"href":"https:\/\/linitiative.ca\/International\/wp-json\/wp\/v2\/types\/post"}],"author":[{"embeddable":true,"href":"https:\/\/linitiative.ca\/International\/wp-json\/wp\/v2\/users\/1788"}],"replies":[{"embeddable":true,"href":"https:\/\/linitiative.ca\/International\/wp-json\/wp\/v2\/comments?post=138408"}],"version-history":[{"count":0,"href":"https:\/\/linitiative.ca\/International\/wp-json\/wp\/v2\/posts\/138408\/revisions"}],"wp:attachment":[{"href":"https:\/\/linitiative.ca\/International\/wp-json\/wp\/v2\/media?parent=138408"}],"wp:term":[{"taxonomy":"category","embeddable":true,"href":"https:\/\/linitiative.ca\/International\/wp-json\/wp\/v2\/categories?post=138408"},{"taxonomy":"post_tag","embeddable":true,"href":"https:\/\/linitiative.ca\/International\/wp-json\/wp\/v2\/tags?post=138408"}],"curies":[{"name":"wp","href":"https:\/\/api.w.org\/{rel}","templated":true}]}}