{"id":138410,"date":"2022-01-13T10:17:44","date_gmt":"2022-01-13T15:17:44","guid":{"rendered":"https:\/\/linitiative.ca\/International\/la-commune-rurale-de-jemaa-shaim-se-dote-dun-centre-dhemodialyse\/"},"modified":"2022-01-13T10:17:44","modified_gmt":"2022-01-13T15:17:44","slug":"la-commune-rurale-de-jemaa-shaim-se-dote-dun-centre-dhemodialyse","status":"publish","type":"post","link":"https:\/\/linitiative.ca\/International\/la-commune-rurale-de-jemaa-shaim-se-dote-dun-centre-dhemodialyse\/","title":{"rendered":"La commune rurale de Jema\u00e2 Shaim se dote d\u2019un centre d\u2019h\u00e9modialyse"},"content":{"rendered":"<div>\n<div style=\"margin-bottom:20px;\"><img loading=\"lazy\" decoding=\"async\" width=\"750\" height=\"430\" src=\"https:\/\/linitiative.ca\/International\/wp-content\/uploads\/sites\/23\/2022\/01\/Centre-dhC3A9modialyse.jpg\" class=\"attachment-post-thumbnail size-post-thumbnail wp-post-image\" alt=\"\" srcset=\"https:\/\/linitiative.ca\/International\/wp-content\/uploads\/sites\/23\/2022\/01\/Centre-dhC3A9modialyse.jpg 750w, https:\/\/www.mapmarrakech.ma\/map\/uploads\/2022\/01\/Centre-dh\u00e9modialyse-300x172.jpg 300w\" sizes=\"auto, (max-width: 750px) 100vw, 750px\"><\/div>\n<p>D\u2019un co\u00fbt global de 6,1 millions de DH (MDH), dont 4,1 MDH comme contribution de l\u2019Initiative nationale pour le d\u00e9veloppement humain (INDH), et 2 MDH comme contribution de bienfaiteurs, ce projet, dont la c\u00e9r\u00e9monie d\u2019inauguration a \u00e9t\u00e9 rehauss\u00e9e par la pr\u00e9sence du gouverneur de la province, M. Lahoucine Chaynane et d\u2019\u00e9lus locaux, s\u2019assigne pour objectifs de diminuer les d\u00e9lais d\u2019attente, d\u2019all\u00e9ger la pression sur le centre d\u2019H\u00e9modialyse relevant de l\u2019h\u00f4pital provincial Mohammed V \u00e0 Safi et de rapprocher les services de soins de la population rurale.<\/p>\n<p>Dot\u00e9 d\u2019une capacit\u00e9 de 25 lits, ce centre, deuxi\u00e8me du genre dans la province de Safi, b\u00e9n\u00e9ficiera \u00e0 110 patients souffrant d\u2019insuffisance r\u00e9nale, qui \u00e9taient oblig\u00e9s de se d\u00e9placer vers Safi ou bien Sidi Bennour pour poursuivre les s\u00e9ances d\u2019h\u00e9modialyse.<\/p>\n<p>Dans une d\u00e9claration \u00e0 la MAP, M. Rachid Aboussibaa,\u00a0pr\u00e9sident de l\u2019Association de soutien des malades insuffisants r\u00e9naux (ASMIR) de Safi, qui se chargera de la gestion de ce centre d\u2019h\u00e9modialyse, a soulign\u00e9 que cette structure sanitaire est de nature \u00e0 all\u00e9ger les souffrances de cette cat\u00e9gorie de malades issus du monde rural, qui est actuellement oblig\u00e9e de se d\u00e9placer \u00e0 la ville de Safi pour b\u00e9n\u00e9ficier de s\u00e9ances d\u2019h\u00e9modialyse.<\/p>\n<p>Ce centre a \u00e9t\u00e9 con\u00e7u de fa\u00e7on \u00e0 r\u00e9pondre \u00e0 toutes les demandes des insuffisants r\u00e9naux, dont le nombre ne cesse d\u2019augmenter dans la province, a-t-il ajout\u00e9.<\/p>\n<p>La province de Safi est parmi les rares provinces du Royaume o\u00f9 les centres d\u2019h\u00e9modialyse parviennent \u00e0 r\u00e9pondre \u00e0 toutes les demandes, s\u2019est-il f\u00e9licit\u00e9, faisant savoir que le nombre de patients d\u2019insuffisance r\u00e9nale pris en charge au niveau de la province est estim\u00e9 \u00e0 130, qui poursuivent leur traitement \u00e0 l\u2019h\u00f4pital provincial, outre 140 autres malades qui sont pris en charge par des centres priv\u00e9s, dans le cadre de l\u2019achat de service.<\/p>\n<p>M.Aboussibaa a, par ailleurs, relev\u00e9 que deux autres centres d\u2019h\u00e9modialyse sont programm\u00e9s dans les communes rurales de Sebt Gzoula et de Had Hrara relevant de la province de Safi.<\/p>\n<p>Le centre d\u2019h\u00e9modialyse de Sebt Gzoula, qui sera r\u00e9alis\u00e9 gr\u00e2ce \u00e0 un partenariat entre le Conseil de la r\u00e9gion et la Fondation qatarie de Bienfaisance Jassim et Hamad Bin Jassim, sera dot\u00e9 d\u2019une capacit\u00e9 d\u2019accueil de 70 patients, a-t-il indiqu\u00e9.<\/p>\n<p>The post <a rel=\"nofollow\" href=\"https:\/\/www.mapmarrakech.ma\/fr\/la-commune-rurale-de-jemaa-shaim-se-dote-dun-centre-dhemodialyse\/\">La commune rurale de Jema\u00e2 Shaim se dote d\u2019un centre d\u2019h\u00e9modialyse<\/a> appeared first on <a rel=\"nofollow\" href=\"https:\/\/www.mapmarrakech.ma\/fr\">MapMarrakech<\/a>.<\/p>\n<\/div>\n<p>Auteur: Meriem IGASS<br \/>\n<a href=\"https:\/\/www.mapmarrakech.ma\/fr\/la-commune-rurale-de-jemaa-shaim-se-dote-dun-centre-dhemodialyse\/\">Cliquez ici pour lire l&rsquo;article depuis sa source.<\/a><\/p>\n","protected":false},"excerpt":{"rendered":"<p>D\u2019un co\u00fbt global de 6,1 millions de DH (MDH), dont 4,1 MDH comme contribution de l\u2019Initiative nationale pour le d\u00e9veloppement humain (INDH), et 2 MDH comme contribution de bienfaiteurs, ce projet, dont la c\u00e9r\u00e9monie d\u2019inauguration a \u00e9t\u00e9 rehauss\u00e9e par la pr\u00e9sence du gouverneur de la province, M. Lahoucine Chaynane et d\u2019\u00e9lus locaux, s\u2019assigne pour objectifs [&hellip;]<\/p>\n","protected":false},"author":1788,"featured_media":0,"comment_status":"closed","ping_status":"closed","sticky":false,"template":"","format":"standard","meta":{"fifu_image_url":"https:\/\/www.mapmarrakech.ma\/map\/uploads\/2022\/01\/Centre-dh\u00e9modialyse.jpg","fifu_image_alt":"La commune rurale de Jema\u00e2 Shaim se dote d\u2019un centre d\u2019h\u00e9modialyse","footnotes":""},"categories":[54,76],"tags":[],"class_list":["post-138410","post","type-post","status-publish","format-standard","hentry","category-maroc","category-regions"],"_links":{"self":[{"href":"https:\/\/linitiative.ca\/International\/wp-json\/wp\/v2\/posts\/138410","targetHints":{"allow":["GET"]}}],"collection":[{"href":"https:\/\/linitiative.ca\/International\/wp-json\/wp\/v2\/posts"}],"about":[{"href":"https:\/\/linitiative.ca\/International\/wp-json\/wp\/v2\/types\/post"}],"author":[{"embeddable":true,"href":"https:\/\/linitiative.ca\/International\/wp-json\/wp\/v2\/users\/1788"}],"replies":[{"embeddable":true,"href":"https:\/\/linitiative.ca\/International\/wp-json\/wp\/v2\/comments?post=138410"}],"version-history":[{"count":0,"href":"https:\/\/linitiative.ca\/International\/wp-json\/wp\/v2\/posts\/138410\/revisions"}],"wp:attachment":[{"href":"https:\/\/linitiative.ca\/International\/wp-json\/wp\/v2\/media?parent=138410"}],"wp:term":[{"taxonomy":"category","embeddable":true,"href":"https:\/\/linitiative.ca\/International\/wp-json\/wp\/v2\/categories?post=138410"},{"taxonomy":"post_tag","embeddable":true,"href":"https:\/\/linitiative.ca\/International\/wp-json\/wp\/v2\/tags?post=138410"}],"curies":[{"name":"wp","href":"https:\/\/api.w.org\/{rel}","templated":true}]}}