{"id":138412,"date":"2022-01-13T09:34:29","date_gmt":"2022-01-13T14:34:29","guid":{"rendered":"https:\/\/linitiative.ca\/International\/medicaments-covid-19-la-fmiip-rassure\/"},"modified":"2022-01-13T09:34:29","modified_gmt":"2022-01-13T14:34:29","slug":"medicaments-covid-19-la-fmiip-rassure","status":"publish","type":"post","link":"https:\/\/linitiative.ca\/International\/medicaments-covid-19-la-fmiip-rassure\/","title":{"rendered":"M\u00e9dicaments Covid-19: La FMIIP rassure"},"content":{"rendered":"<div>\n<div class=\"field field-name-body field-type-text-with-summary field-label-hidden\">\n<div class=\"field-items\">\n<div class=\"field-item even\" property=\"content:encoded\">\n<p class=\"rtejustify\">Les professionnels du m\u00e9dicament r\u00e9agissent suite aux informations sur une pr\u00e9tendue rupture des stocks des m\u00e9dicaments faisant partie du protocole th\u00e9rapeutique Covid-19.<\/p>\n<p class=\"rtejustify\">\u00ab Aucune rupture de production ni de tensions sur les stocks des m\u00e9dicaments qui font partie du protocole th\u00e9rapeutique Covid-19 n&rsquo;a \u00e9t\u00e9 enregistr\u00e9e \u00e0 ce jour \u00bb, affirme jeudi la F\u00e9d\u00e9ration Marocaine de l&rsquo;Industrie et de l&rsquo;Innovation Pharmaceutiques (FMIIP), qui regroupe les principaux producteurs nationaux.<\/p>\n<\/div>\n<\/div>\n<\/div>\n<\/div>\n<p>Auteur: mbasraoui<br \/>\n<a href=\"https:\/\/www.leconomiste.com\/flash-infos\/medicaments-covid-19-la-fmiip-rassure\">Cliquez ici pour lire l&rsquo;article depuis sa source.<\/a><\/p>\n","protected":false},"excerpt":{"rendered":"<p>Les professionnels du m\u00e9dicament r\u00e9agissent suite aux informations sur une pr\u00e9tendue rupture des stocks des m\u00e9dicaments faisant partie du protocole th\u00e9rapeutique Covid-19. \u00ab Aucune rupture de production ni de tensions sur les stocks des m\u00e9dicaments qui font partie du protocole th\u00e9rapeutique Covid-19 n&rsquo;a \u00e9t\u00e9 enregistr\u00e9e \u00e0 ce jour \u00bb, affirme jeudi la F\u00e9d\u00e9ration Marocaine de [&hellip;]<\/p>\n","protected":false},"author":1763,"featured_media":0,"comment_status":"closed","ping_status":"closed","sticky":false,"template":"","format":"standard","meta":{"fifu_image_url":"","fifu_image_alt":"","footnotes":""},"categories":[78,54],"tags":[],"class_list":["post-138412","post","type-post","status-publish","format-standard","hentry","category-economie","category-maroc"],"_links":{"self":[{"href":"https:\/\/linitiative.ca\/International\/wp-json\/wp\/v2\/posts\/138412","targetHints":{"allow":["GET"]}}],"collection":[{"href":"https:\/\/linitiative.ca\/International\/wp-json\/wp\/v2\/posts"}],"about":[{"href":"https:\/\/linitiative.ca\/International\/wp-json\/wp\/v2\/types\/post"}],"author":[{"embeddable":true,"href":"https:\/\/linitiative.ca\/International\/wp-json\/wp\/v2\/users\/1763"}],"replies":[{"embeddable":true,"href":"https:\/\/linitiative.ca\/International\/wp-json\/wp\/v2\/comments?post=138412"}],"version-history":[{"count":0,"href":"https:\/\/linitiative.ca\/International\/wp-json\/wp\/v2\/posts\/138412\/revisions"}],"wp:attachment":[{"href":"https:\/\/linitiative.ca\/International\/wp-json\/wp\/v2\/media?parent=138412"}],"wp:term":[{"taxonomy":"category","embeddable":true,"href":"https:\/\/linitiative.ca\/International\/wp-json\/wp\/v2\/categories?post=138412"},{"taxonomy":"post_tag","embeddable":true,"href":"https:\/\/linitiative.ca\/International\/wp-json\/wp\/v2\/tags?post=138412"}],"curies":[{"name":"wp","href":"https:\/\/api.w.org\/{rel}","templated":true}]}}