{"id":138418,"date":"2022-01-12T15:17:00","date_gmt":"2022-01-12T20:17:00","guid":{"rendered":"https:\/\/linitiative.ca\/International\/abde-ez-fait-faux-bond-au-maroc-luis-enrique-le-confirme\/"},"modified":"2022-01-12T15:17:00","modified_gmt":"2022-01-12T20:17:00","slug":"abde-ez-fait-faux-bond-au-maroc-luis-enrique-le-confirme","status":"publish","type":"post","link":"https:\/\/linitiative.ca\/International\/abde-ez-fait-faux-bond-au-maroc-luis-enrique-le-confirme\/","title":{"rendered":"Abde Ez fait faux bond au Maroc. Luis Enrique le confirme !"},"content":{"rendered":"<div>Le jeune Abde Ez, qui a effectu\u00e9 ses premiers pas avec le FC Barcelone tr\u00e8s r\u00e9cemment, a \u00e9t\u00e9 convoqu\u00e9 par le Maroc pour disputer la comp\u00e9tition continentale<\/div>\n<p>Auteur:<br \/>\n<a href=\"https:\/\/www.lebuteur.com\/article\/detail?titre=abde-ez-fait-faux-bond-au-maroc-luis-enrique-le-confirme&#038;id=102057\">Cliquez ici pour lire l&rsquo;article depuis sa source.<\/a><\/p>\n","protected":false},"excerpt":{"rendered":"<p>Le jeune Abde Ez, qui a effectu\u00e9 ses premiers pas avec le FC Barcelone tr\u00e8s r\u00e9cemment, a \u00e9t\u00e9 convoqu\u00e9 par le Maroc pour disputer la comp\u00e9tition continentale Auteur: Cliquez ici pour lire l&rsquo;article depuis sa source.<\/p>\n","protected":false},"author":1738,"featured_media":0,"comment_status":"closed","ping_status":"closed","sticky":false,"template":"","format":"standard","meta":{"fifu_image_url":"","fifu_image_alt":"","footnotes":""},"categories":[53,75],"tags":[],"class_list":["post-138418","post","type-post","status-publish","format-standard","hentry","category-algerie","category-sport"],"_links":{"self":[{"href":"https:\/\/linitiative.ca\/International\/wp-json\/wp\/v2\/posts\/138418","targetHints":{"allow":["GET"]}}],"collection":[{"href":"https:\/\/linitiative.ca\/International\/wp-json\/wp\/v2\/posts"}],"about":[{"href":"https:\/\/linitiative.ca\/International\/wp-json\/wp\/v2\/types\/post"}],"author":[{"embeddable":true,"href":"https:\/\/linitiative.ca\/International\/wp-json\/wp\/v2\/users\/1738"}],"replies":[{"embeddable":true,"href":"https:\/\/linitiative.ca\/International\/wp-json\/wp\/v2\/comments?post=138418"}],"version-history":[{"count":0,"href":"https:\/\/linitiative.ca\/International\/wp-json\/wp\/v2\/posts\/138418\/revisions"}],"wp:attachment":[{"href":"https:\/\/linitiative.ca\/International\/wp-json\/wp\/v2\/media?parent=138418"}],"wp:term":[{"taxonomy":"category","embeddable":true,"href":"https:\/\/linitiative.ca\/International\/wp-json\/wp\/v2\/categories?post=138418"},{"taxonomy":"post_tag","embeddable":true,"href":"https:\/\/linitiative.ca\/International\/wp-json\/wp\/v2\/tags?post=138418"}],"curies":[{"name":"wp","href":"https:\/\/api.w.org\/{rel}","templated":true}]}}