{"id":138422,"date":"2022-01-13T03:27:00","date_gmt":"2022-01-13T08:27:00","guid":{"rendered":"https:\/\/linitiative.ca\/International\/hommage-a-arbi-mellakh-une-vie-au-service-de-la-cite-dautrui-et-de-la-famille\/"},"modified":"2022-01-13T03:27:00","modified_gmt":"2022-01-13T08:27:00","slug":"hommage-a-arbi-mellakh-une-vie-au-service-de-la-cite-dautrui-et-de-la-famille","status":"publish","type":"post","link":"https:\/\/linitiative.ca\/International\/hommage-a-arbi-mellakh-une-vie-au-service-de-la-cite-dautrui-et-de-la-famille\/","title":{"rendered":"Hommage \u00e0 Arbi Mellakh: Une vie au service de la cit\u00e9, d\u2019autrui et de la famille"},"content":{"rendered":"<div><img decoding=\"async\" src=\"https:\/\/linitiative.ca\/International\/wp-content\/uploads\/sites\/23\/2022\/01\/1642063418_article.jpg\" alt=\"Hommage \u00e0 Arbi Mellakh: Une vie au service de la cit\u00e9, d\u2019autrui et de la famille \" align=\"left\">\u00a0\u00a0\u00a0Par Habib Mellakh &#8211; Mon  oncle Arbi Mellakh est n\u00e9 le 1 avril 1929 \u00e0 Ras Jebel dans une famille  d\u2019agriculteurs\u00a0 ais\u00e9s, pieux\u00a0 et assoiff\u00e9s\u00a0 de savoir. Son\u00a0 p\u00e8re Hadj  H\u00e9di vouait un grand respect, voire une grande admiration aux fins  lettr\u00e9s, en particulier et en premier lieu,\u00a0 l\u2019imam de Jamaa El K\u00e9bir,  Sadok Boufahja, ensuite le Cheikh\u00a0 Mohamed Berhima, un parent par  alliance, le mari de sa belle-s\u0153ur Beya Ben Nejma puis le bel-oncle de  sa seconde femme N\u00e9jia Ben Nejma, r\u00e9put\u00e9 \u00e0 l\u2019\u00e9poque, chez les Jebeliens  \u2013\u00a0 qui pr\u00e9f\u00e8rent le gentil\u00e9 de Ghwalbia \u2013 pour sa parfaite connaissance  de l\u2019islam et son excellente ex\u00e9g\u00e8se du Coran.\u00a0\u00a0\u00a0\u00a0\u00a0<br \/>\nLe &#8230;<\/p>\n<\/div>\n<p>Auteur:<br \/>\n<a href=\"https:\/\/www.leaders.com.tn\/article\/32859-hommage-a-arbi-mellakh-une-vie-au-service-de-la-cite-d-autrui-et-de-la-famille\">Cliquez ici pour lire l&rsquo;article depuis sa source.<\/a><\/p>\n","protected":false},"excerpt":{"rendered":"<p>\u00a0\u00a0\u00a0Par Habib Mellakh &#8211; Mon oncle Arbi Mellakh est n\u00e9 le 1 avril 1929 \u00e0 Ras Jebel dans une famille d\u2019agriculteurs\u00a0 ais\u00e9s, pieux\u00a0 et assoiff\u00e9s\u00a0 de savoir. Son\u00a0 p\u00e8re Hadj H\u00e9di vouait un grand respect, voire une grande admiration aux fins lettr\u00e9s, en particulier et en premier lieu,\u00a0 l\u2019imam de Jamaa El K\u00e9bir, Sadok Boufahja, [&hellip;]<\/p>\n","protected":false},"author":1772,"featured_media":0,"comment_status":"closed","ping_status":"closed","sticky":false,"template":"","format":"standard","meta":{"fifu_image_url":"http:\/\/www.leaders.com.tn\/uploads\/content\/thumbnails_small\/1642063418_article.jpg","fifu_image_alt":"Hommage \u00e0 Arbi Mellakh: Une vie au service de la cit\u00e9, d\u2019autrui et de la famille","footnotes":""},"categories":[73,55],"tags":[],"class_list":["post-138422","post","type-post","status-publish","format-standard","hentry","category-actualite","category-tunisie"],"_links":{"self":[{"href":"https:\/\/linitiative.ca\/International\/wp-json\/wp\/v2\/posts\/138422","targetHints":{"allow":["GET"]}}],"collection":[{"href":"https:\/\/linitiative.ca\/International\/wp-json\/wp\/v2\/posts"}],"about":[{"href":"https:\/\/linitiative.ca\/International\/wp-json\/wp\/v2\/types\/post"}],"author":[{"embeddable":true,"href":"https:\/\/linitiative.ca\/International\/wp-json\/wp\/v2\/users\/1772"}],"replies":[{"embeddable":true,"href":"https:\/\/linitiative.ca\/International\/wp-json\/wp\/v2\/comments?post=138422"}],"version-history":[{"count":0,"href":"https:\/\/linitiative.ca\/International\/wp-json\/wp\/v2\/posts\/138422\/revisions"}],"wp:attachment":[{"href":"https:\/\/linitiative.ca\/International\/wp-json\/wp\/v2\/media?parent=138422"}],"wp:term":[{"taxonomy":"category","embeddable":true,"href":"https:\/\/linitiative.ca\/International\/wp-json\/wp\/v2\/categories?post=138422"},{"taxonomy":"post_tag","embeddable":true,"href":"https:\/\/linitiative.ca\/International\/wp-json\/wp\/v2\/tags?post=138422"}],"curies":[{"name":"wp","href":"https:\/\/api.w.org\/{rel}","templated":true}]}}