{"id":138424,"date":"2022-01-13T06:56:00","date_gmt":"2022-01-13T11:56:00","guid":{"rendered":"https:\/\/linitiative.ca\/International\/ubci-enda-tamweel-un-accord-de-financement-de-150-millions-de-dinars\/"},"modified":"2022-01-13T06:56:00","modified_gmt":"2022-01-13T11:56:00","slug":"ubci-enda-tamweel-un-accord-de-financement-de-150-millions-de-dinars","status":"publish","type":"post","link":"https:\/\/linitiative.ca\/International\/ubci-enda-tamweel-un-accord-de-financement-de-150-millions-de-dinars\/","title":{"rendered":"UBCI- Enda Tamweel: un accord de financement de 150 millions de dinars"},"content":{"rendered":"<div><img decoding=\"async\" src=\"https:\/\/linitiative.ca\/International\/wp-content\/uploads\/sites\/23\/2022\/01\/1642071960_article.jpg\" alt=\"UBCI- Enda Tamweel: un accord de financement de 150 millions de dinars\" align=\"left\">L\u2019Union Bancaire pour le Commerce et l\u2019Industrie &amp; Enda tamweel ont sign\u00e9 un accord de financement d\u2019une valeur de 150 millions de dinars consenti sous forme de pr\u00eat \u00e0 moyen terme d\u00e9caissable sur trois tranches, \u00e0 raison de 50 millions de dinars chaque ann\u00e9e.<br \/>\nLa c\u00e9r\u00e9monie de signature de cet accord s\u2019est d\u00e9roul\u00e9e le mercredi 12 janvier 2022, en pr\u00e9sence M.Mohamed Zmandar, Directeur G\u00e9n\u00e9ral d\u2019Enda tamweel et M. Mohamed Koubaa, Directeur G\u00e9n\u00e9ral de l\u2019UBCI.<br \/>\nCe financement, t\u00e9moigne de l\u2019engagement du secteur bancaire en g\u00e9n\u00e9ral et du groupe de l\u2019UBCI en particulier \u00e0 \u00eatre un alli\u00e9 de taille pour le secteur de la micro-finance et l\u2019appui des &#8230;<\/p>\n<\/div>\n<p>Auteur:<br \/>\n<a href=\"https:\/\/www.leaders.com.tn\/article\/32860-ubci-enda-tamweel-un-accord-de-financement-de-150-millions-de-dinars\">Cliquez ici pour lire l&rsquo;article depuis sa source.<\/a><\/p>\n","protected":false},"excerpt":{"rendered":"<p>L\u2019Union Bancaire pour le Commerce et l\u2019Industrie &amp; Enda tamweel ont sign\u00e9 un accord de financement d\u2019une valeur de 150 millions de dinars consenti sous forme de pr\u00eat \u00e0 moyen terme d\u00e9caissable sur trois tranches, \u00e0 raison de 50 millions de dinars chaque ann\u00e9e. La c\u00e9r\u00e9monie de signature de cet accord s\u2019est d\u00e9roul\u00e9e le mercredi [&hellip;]<\/p>\n","protected":false},"author":1772,"featured_media":0,"comment_status":"closed","ping_status":"closed","sticky":false,"template":"","format":"standard","meta":{"fifu_image_url":"http:\/\/www.leaders.com.tn\/uploads\/content\/thumbnails_small\/1642071960_article.jpg","fifu_image_alt":"UBCI- Enda Tamweel: un accord de financement de 150 millions de dinars","footnotes":""},"categories":[73,55],"tags":[],"class_list":["post-138424","post","type-post","status-publish","format-standard","hentry","category-actualite","category-tunisie"],"_links":{"self":[{"href":"https:\/\/linitiative.ca\/International\/wp-json\/wp\/v2\/posts\/138424","targetHints":{"allow":["GET"]}}],"collection":[{"href":"https:\/\/linitiative.ca\/International\/wp-json\/wp\/v2\/posts"}],"about":[{"href":"https:\/\/linitiative.ca\/International\/wp-json\/wp\/v2\/types\/post"}],"author":[{"embeddable":true,"href":"https:\/\/linitiative.ca\/International\/wp-json\/wp\/v2\/users\/1772"}],"replies":[{"embeddable":true,"href":"https:\/\/linitiative.ca\/International\/wp-json\/wp\/v2\/comments?post=138424"}],"version-history":[{"count":0,"href":"https:\/\/linitiative.ca\/International\/wp-json\/wp\/v2\/posts\/138424\/revisions"}],"wp:attachment":[{"href":"https:\/\/linitiative.ca\/International\/wp-json\/wp\/v2\/media?parent=138424"}],"wp:term":[{"taxonomy":"category","embeddable":true,"href":"https:\/\/linitiative.ca\/International\/wp-json\/wp\/v2\/categories?post=138424"},{"taxonomy":"post_tag","embeddable":true,"href":"https:\/\/linitiative.ca\/International\/wp-json\/wp\/v2\/tags?post=138424"}],"curies":[{"name":"wp","href":"https:\/\/api.w.org\/{rel}","templated":true}]}}