{"id":138426,"date":"2022-01-13T07:10:00","date_gmt":"2022-01-13T12:10:00","guid":{"rendered":"https:\/\/linitiative.ca\/International\/epson-et-usain-bolt-sassocient-dans-le-cadre-dun-partenariat-pour-promouvoir-limpression-sans-cartouches\/"},"modified":"2022-01-13T07:10:00","modified_gmt":"2022-01-13T12:10:00","slug":"epson-et-usain-bolt-sassocient-dans-le-cadre-dun-partenariat-pour-promouvoir-limpression-sans-cartouches","status":"publish","type":"post","link":"https:\/\/linitiative.ca\/International\/epson-et-usain-bolt-sassocient-dans-le-cadre-dun-partenariat-pour-promouvoir-limpression-sans-cartouches\/","title":{"rendered":"Epson et Usain Bolt s\u2019associent dans le cadre d\u2019un partenariat pour promouvoir l\u2019impression sans cartouches"},"content":{"rendered":"<div><img decoding=\"async\" src=\"https:\/\/linitiative.ca\/International\/wp-content\/uploads\/sites\/23\/2022\/01\/1642072399_article.jpg\" alt=\"Epson et Usain Bolt s\u2019associent dans le cadre d\u2019un partenariat pour promouvoir l\u2019impression sans cartouches\" align=\"left\">Epson et Usain Bolt ont r\u00e9cemment sign\u00e9 un accord de partenariat strat\u00e9gique fournissant un cadre pour la promotion de l\u2019imprimante EcoTank sans cartouches d\u2019Epson. L\u2019homme le plus rapide du monde est d\u00e9sormais le visage de la grande campagne de sensibilisation d\u2019Epson, connu pour ses performances sportives extraordinaires poss\u00e9dant huit m\u00e9dailles d\u2019or olympiques.<br \/>\nCette campagne \u00e0 grande \u00e9chelle a \u00e9t\u00e9 confi\u00e9e au l\u00e9gendaire Usain Bolt qui va accompagner la gamme EcoTank d\u2019Epson dans des spot publicitaires. Une campagne publicitaire qui prendra vie \u00e9galement sur les r\u00e9seaux sociaux, en affichage ext\u00e9rieur avec la signature \u00ab\u0627\u0645\u0644\u064a\u0647\u0627 \u0648 \u0627\u0646\u0633\u0627\u0647\u0627\u00bb ainsi que &#8230;<\/p>\n<\/div>\n<p>Auteur:<br \/>\n<a href=\"https:\/\/www.leaders.com.tn\/article\/32861-epson-et-usain-bolt-s-associent-dans-le-cadre-d-un-partenariat-pour-promouvoir-l-impression-sans-cartouches\">Cliquez ici pour lire l&rsquo;article depuis sa source.<\/a><\/p>\n","protected":false},"excerpt":{"rendered":"<p>Epson et Usain Bolt ont r\u00e9cemment sign\u00e9 un accord de partenariat strat\u00e9gique fournissant un cadre pour la promotion de l\u2019imprimante EcoTank sans cartouches d\u2019Epson. L\u2019homme le plus rapide du monde est d\u00e9sormais le visage de la grande campagne de sensibilisation d\u2019Epson, connu pour ses performances sportives extraordinaires poss\u00e9dant huit m\u00e9dailles d\u2019or olympiques. Cette campagne \u00e0 [&hellip;]<\/p>\n","protected":false},"author":1772,"featured_media":0,"comment_status":"closed","ping_status":"closed","sticky":false,"template":"","format":"standard","meta":{"fifu_image_url":"http:\/\/www.leaders.com.tn\/uploads\/content\/thumbnails_small\/1642072399_article.jpg","fifu_image_alt":"Epson et Usain Bolt s\u2019associent dans le cadre d\u2019un partenariat pour promouvoir l\u2019impression sans cartouches","footnotes":""},"categories":[73,55],"tags":[],"class_list":["post-138426","post","type-post","status-publish","format-standard","hentry","category-actualite","category-tunisie"],"_links":{"self":[{"href":"https:\/\/linitiative.ca\/International\/wp-json\/wp\/v2\/posts\/138426","targetHints":{"allow":["GET"]}}],"collection":[{"href":"https:\/\/linitiative.ca\/International\/wp-json\/wp\/v2\/posts"}],"about":[{"href":"https:\/\/linitiative.ca\/International\/wp-json\/wp\/v2\/types\/post"}],"author":[{"embeddable":true,"href":"https:\/\/linitiative.ca\/International\/wp-json\/wp\/v2\/users\/1772"}],"replies":[{"embeddable":true,"href":"https:\/\/linitiative.ca\/International\/wp-json\/wp\/v2\/comments?post=138426"}],"version-history":[{"count":0,"href":"https:\/\/linitiative.ca\/International\/wp-json\/wp\/v2\/posts\/138426\/revisions"}],"wp:attachment":[{"href":"https:\/\/linitiative.ca\/International\/wp-json\/wp\/v2\/media?parent=138426"}],"wp:term":[{"taxonomy":"category","embeddable":true,"href":"https:\/\/linitiative.ca\/International\/wp-json\/wp\/v2\/categories?post=138426"},{"taxonomy":"post_tag","embeddable":true,"href":"https:\/\/linitiative.ca\/International\/wp-json\/wp\/v2\/tags?post=138426"}],"curies":[{"name":"wp","href":"https:\/\/api.w.org\/{rel}","templated":true}]}}