{"id":138428,"date":"2022-01-13T16:55:00","date_gmt":"2022-01-13T21:55:00","guid":{"rendered":"https:\/\/linitiative.ca\/International\/tahar-bekri-abdelwahhab-meddeb-et-la-relecture-de-lheritage-culturel-arabo-musulman\/"},"modified":"2022-01-13T16:55:00","modified_gmt":"2022-01-13T21:55:00","slug":"tahar-bekri-abdelwahhab-meddeb-et-la-relecture-de-lheritage-culturel-arabo-musulman","status":"publish","type":"post","link":"https:\/\/linitiative.ca\/International\/tahar-bekri-abdelwahhab-meddeb-et-la-relecture-de-lheritage-culturel-arabo-musulman\/","title":{"rendered":"Tahar Bekri: Abdelwahhab Meddeb et la relecture de l\u2019h\u00e9ritage culturel arabo-musulman"},"content":{"rendered":"<div><img decoding=\"async\" src=\"https:\/\/linitiative.ca\/International\/wp-content\/uploads\/sites\/23\/2022\/01\/1642108535_article.jpg\" alt=\"Tahar Bekri: Abdelwahhab Meddeb et la relecture de l\u2019h\u00e9ritage culturel arabo-musulman\" align=\"left\">L\u2019Universit\u00e9 de Paris-Nanterre avait organis\u00e9 le 7 mai 2015, une Rencontre consacr\u00e9e \u00e0 l\u2019\u00e9crivain et penseur, Abdelwahhab Meddeb (1946-2014), qui fut Ma\u00eetre de conf\u00e9rences en litt\u00e9rature compar\u00e9e dans la m\u00eame universit\u00e9. Voici le texte de Tahar Bekri, po\u00e8te et Ma\u00eetre de conf\u00e9rences honoraire \u00e0 Paris-Nanterre, qui lui rend hommage.<br \/>\nJe ne peux soumettre \u00e0 votre attention ces modestes r\u00e9flexions sans \u00e9voquer, avec \u00e9motion, les derniers propos \u00e9chang\u00e9s au t\u00e9l\u00e9phone avec Abdelwahhab Meddeb sur son lit de maladie au sujet de son dernier article paru dans Le Monde (9 octobre 2014), \u00abLe soufisme, un recours face au d\u00e9sastre\u00bb. A. Meddeb, malgr\u00e9 sa grave maladie, &#8230;<\/p>\n<\/div>\n<p>Auteur:<br \/>\n<a href=\"https:\/\/www.leaders.com.tn\/article\/32863-tahar-bekri-abdelwahhab-meddeb-et-la-relecture-de-l-heritage-culturel-arabo-musulman\">Cliquez ici pour lire l&rsquo;article depuis sa source.<\/a><\/p>\n","protected":false},"excerpt":{"rendered":"<p>L\u2019Universit\u00e9 de Paris-Nanterre avait organis\u00e9 le 7 mai 2015, une Rencontre consacr\u00e9e \u00e0 l\u2019\u00e9crivain et penseur, Abdelwahhab Meddeb (1946-2014), qui fut Ma\u00eetre de conf\u00e9rences en litt\u00e9rature compar\u00e9e dans la m\u00eame universit\u00e9. Voici le texte de Tahar Bekri, po\u00e8te et Ma\u00eetre de conf\u00e9rences honoraire \u00e0 Paris-Nanterre, qui lui rend hommage. Je ne peux soumettre \u00e0 votre [&hellip;]<\/p>\n","protected":false},"author":1772,"featured_media":0,"comment_status":"closed","ping_status":"closed","sticky":false,"template":"","format":"standard","meta":{"fifu_image_url":"http:\/\/www.leaders.com.tn\/uploads\/content\/thumbnails_small\/1642108535_article.jpg","fifu_image_alt":"Tahar Bekri: Abdelwahhab Meddeb et la relecture de l\u2019h\u00e9ritage culturel arabo-musulman","footnotes":""},"categories":[73,55],"tags":[],"class_list":["post-138428","post","type-post","status-publish","format-standard","hentry","category-actualite","category-tunisie"],"_links":{"self":[{"href":"https:\/\/linitiative.ca\/International\/wp-json\/wp\/v2\/posts\/138428","targetHints":{"allow":["GET"]}}],"collection":[{"href":"https:\/\/linitiative.ca\/International\/wp-json\/wp\/v2\/posts"}],"about":[{"href":"https:\/\/linitiative.ca\/International\/wp-json\/wp\/v2\/types\/post"}],"author":[{"embeddable":true,"href":"https:\/\/linitiative.ca\/International\/wp-json\/wp\/v2\/users\/1772"}],"replies":[{"embeddable":true,"href":"https:\/\/linitiative.ca\/International\/wp-json\/wp\/v2\/comments?post=138428"}],"version-history":[{"count":0,"href":"https:\/\/linitiative.ca\/International\/wp-json\/wp\/v2\/posts\/138428\/revisions"}],"wp:attachment":[{"href":"https:\/\/linitiative.ca\/International\/wp-json\/wp\/v2\/media?parent=138428"}],"wp:term":[{"taxonomy":"category","embeddable":true,"href":"https:\/\/linitiative.ca\/International\/wp-json\/wp\/v2\/categories?post=138428"},{"taxonomy":"post_tag","embeddable":true,"href":"https:\/\/linitiative.ca\/International\/wp-json\/wp\/v2\/tags?post=138428"}],"curies":[{"name":"wp","href":"https:\/\/api.w.org\/{rel}","templated":true}]}}