{"id":138437,"date":"2022-01-13T10:51:55","date_gmt":"2022-01-13T15:51:55","guid":{"rendered":"https:\/\/linitiative.ca\/International\/le-maroc-et-le-portugal-signent-un-accord-pour-lemploi-et-le-sejour-des-travailleurs-marocains\/"},"modified":"2022-01-13T10:51:55","modified_gmt":"2022-01-13T15:51:55","slug":"le-maroc-et-le-portugal-signent-un-accord-pour-lemploi-et-le-sejour-des-travailleurs-marocains","status":"publish","type":"post","link":"https:\/\/linitiative.ca\/International\/le-maroc-et-le-portugal-signent-un-accord-pour-lemploi-et-le-sejour-des-travailleurs-marocains\/","title":{"rendered":"Le Maroc et le Portugal signent un accord pour l\u2019emploi et le s\u00e9jour des travailleurs marocains"},"content":{"rendered":"<div><img decoding=\"async\" width=\"620\" height=\"348\" src=\"https:\/\/linitiative.ca\/International\/wp-content\/uploads\/sites\/23\/2022\/01\/1556695332678.jpeg\" class=\"attachment-post-thumbnail size-post-thumbnail wp-post-image\" alt=\"\" loading=\"lazy\" srcset=\"https:\/\/linitiative.ca\/International\/wp-content\/uploads\/sites\/23\/2022\/01\/1556695332678.jpeg 620w, https:\/\/www.challenge.ma\/wp-content\/uploads\/2022\/01\/1556695332678-300x168.jpeg 300w, https:\/\/www.challenge.ma\/wp-content\/uploads\/2022\/01\/1556695332678-360x202.jpeg 360w\" sizes=\"auto, (max-width: 620px) 100vw, 620px\" itemprop=\"image\">Le ministre d\u2019\u00c9tat portugais des Affaires \u00e9trang\u00e8res, Augusto Santos Silva, et le ministre des Affaires \u00e9trang\u00e8res, de la Coop\u00e9ration africaine et des Marocains r\u00e9sidant \u00e0 l\u2019\u00e9tranger du Royaume du Maroc, Nasser Bourita, se sont entretenus hier par vid\u00e9oconf\u00e9rence et ont sign\u00e9 un accord encadrant l\u2019employabilit\u00e9 et le s\u00e9jour des travailleurs<\/div>\n<p>Auteur: Azeroual Siham<br \/>\n<a href=\"https:\/\/www.challenge.ma\/le-maroc-et-le-portugal-signent-un-accord-pour-lemploi-et-le-sejour-des-travailleurs-marocains-230587\/\">Cliquez ici pour lire l&rsquo;article depuis sa source.<\/a><\/p>\n","protected":false},"excerpt":{"rendered":"<p>Le ministre d\u2019\u00c9tat portugais des Affaires \u00e9trang\u00e8res, Augusto Santos Silva, et le ministre des Affaires \u00e9trang\u00e8res, de la Coop\u00e9ration africaine et des Marocains r\u00e9sidant \u00e0 l\u2019\u00e9tranger du Royaume du Maroc, Nasser Bourita, se sont entretenus hier par vid\u00e9oconf\u00e9rence et ont sign\u00e9 un accord encadrant l\u2019employabilit\u00e9 et le s\u00e9jour des travailleurs Auteur: Azeroual Siham Cliquez ici [&hellip;]<\/p>\n","protected":false},"author":1787,"featured_media":0,"comment_status":"closed","ping_status":"closed","sticky":false,"template":"","format":"standard","meta":{"fifu_image_url":"https:\/\/www.challenge.ma\/wp-content\/uploads\/2022\/01\/1556695332678.jpeg","fifu_image_alt":"Le Maroc et le Portugal signent un accord pour l\u2019emploi et le s\u00e9jour des travailleurs marocains","footnotes":""},"categories":[78,54],"tags":[],"class_list":["post-138437","post","type-post","status-publish","format-standard","hentry","category-economie","category-maroc"],"_links":{"self":[{"href":"https:\/\/linitiative.ca\/International\/wp-json\/wp\/v2\/posts\/138437","targetHints":{"allow":["GET"]}}],"collection":[{"href":"https:\/\/linitiative.ca\/International\/wp-json\/wp\/v2\/posts"}],"about":[{"href":"https:\/\/linitiative.ca\/International\/wp-json\/wp\/v2\/types\/post"}],"author":[{"embeddable":true,"href":"https:\/\/linitiative.ca\/International\/wp-json\/wp\/v2\/users\/1787"}],"replies":[{"embeddable":true,"href":"https:\/\/linitiative.ca\/International\/wp-json\/wp\/v2\/comments?post=138437"}],"version-history":[{"count":0,"href":"https:\/\/linitiative.ca\/International\/wp-json\/wp\/v2\/posts\/138437\/revisions"}],"wp:attachment":[{"href":"https:\/\/linitiative.ca\/International\/wp-json\/wp\/v2\/media?parent=138437"}],"wp:term":[{"taxonomy":"category","embeddable":true,"href":"https:\/\/linitiative.ca\/International\/wp-json\/wp\/v2\/categories?post=138437"},{"taxonomy":"post_tag","embeddable":true,"href":"https:\/\/linitiative.ca\/International\/wp-json\/wp\/v2\/tags?post=138437"}],"curies":[{"name":"wp","href":"https:\/\/api.w.org\/{rel}","templated":true}]}}