{"id":138439,"date":"2022-01-13T11:11:38","date_gmt":"2022-01-13T16:11:38","guid":{"rendered":"https:\/\/linitiative.ca\/International\/entretien-entre-staffan-de-mistura-et-nasser-bourita-premiere-etape-de-la-tournee-regionale\/"},"modified":"2022-01-13T11:11:38","modified_gmt":"2022-01-13T16:11:38","slug":"entretien-entre-staffan-de-mistura-et-nasser-bourita-premiere-etape-de-la-tournee-regionale","status":"publish","type":"post","link":"https:\/\/linitiative.ca\/International\/entretien-entre-staffan-de-mistura-et-nasser-bourita-premiere-etape-de-la-tournee-regionale\/","title":{"rendered":"Entretien entre Staffan de Mistura et Nasser Bourita: premi\u00e8re \u00e9tape de la tourn\u00e9e r\u00e9gionale"},"content":{"rendered":"<div><img decoding=\"async\" width=\"1080\" height=\"687\" src=\"https:\/\/linitiative.ca\/International\/wp-content\/uploads\/sites\/23\/2022\/01\/bouririri-2.jpg\" class=\"attachment-post-thumbnail size-post-thumbnail wp-post-image\" alt=\"\" loading=\"lazy\" srcset=\"https:\/\/linitiative.ca\/International\/wp-content\/uploads\/sites\/23\/2022\/01\/bouririri-2.jpg 1080w, https:\/\/www.challenge.ma\/wp-content\/uploads\/2022\/01\/bouririri-2-300x191.jpg 300w, https:\/\/www.challenge.ma\/wp-content\/uploads\/2022\/01\/bouririri-2-1024x651.jpg 1024w, https:\/\/www.challenge.ma\/wp-content\/uploads\/2022\/01\/bouririri-2-768x489.jpg 768w, https:\/\/www.challenge.ma\/wp-content\/uploads\/2022\/01\/bouririri-2-360x229.jpg 360w, https:\/\/www.challenge.ma\/wp-content\/uploads\/2022\/01\/bouririri-2-750x477.jpg 750w\" sizes=\"auto, (max-width: 1080px) 100vw, 1080px\" itemprop=\"image\">Staffan de Mistura, le nouvel envoy\u00e9 personnel de l\u2019ONU pour le Sahara, est arriv\u00e9 hier, mercredi \u00e0 Rabat pour sa premi\u00e8re tourn\u00e9e dans la r\u00e9gion. Staffan de Mistura s\u2019est entretenu ce jeudi avec le chef de la diplomatie marocaine, Nasser Bourita. Apr\u00e8s son arriv\u00e9e \u00e0 Rabat,\u00a0mercredi soir, \u00e9tape de sa<\/div>\n<p>Auteur: challenge<br \/>\n<a href=\"https:\/\/www.challenge.ma\/entretien-entre-staffan-de-mistura-et-nasser-bourita-premiere-etape-de-la-tournee-regionale-230576\/\">Cliquez ici pour lire l&rsquo;article depuis sa source.<\/a><\/p>\n","protected":false},"excerpt":{"rendered":"<p>Staffan de Mistura, le nouvel envoy\u00e9 personnel de l\u2019ONU pour le Sahara, est arriv\u00e9 hier, mercredi \u00e0 Rabat pour sa premi\u00e8re tourn\u00e9e dans la r\u00e9gion. Staffan de Mistura s\u2019est entretenu ce jeudi avec le chef de la diplomatie marocaine, Nasser Bourita. Apr\u00e8s son arriv\u00e9e \u00e0 Rabat,\u00a0mercredi soir, \u00e9tape de sa Auteur: challenge Cliquez ici pour [&hellip;]<\/p>\n","protected":false},"author":1787,"featured_media":0,"comment_status":"closed","ping_status":"closed","sticky":false,"template":"","format":"standard","meta":{"fifu_image_url":"https:\/\/www.challenge.ma\/wp-content\/uploads\/2022\/01\/bouririri-2.jpg","fifu_image_alt":"Entretien entre Staffan de Mistura et Nasser Bourita: premi\u00e8re \u00e9tape de la tourn\u00e9e r\u00e9gionale","footnotes":""},"categories":[78,54],"tags":[],"class_list":["post-138439","post","type-post","status-publish","format-standard","hentry","category-economie","category-maroc"],"_links":{"self":[{"href":"https:\/\/linitiative.ca\/International\/wp-json\/wp\/v2\/posts\/138439","targetHints":{"allow":["GET"]}}],"collection":[{"href":"https:\/\/linitiative.ca\/International\/wp-json\/wp\/v2\/posts"}],"about":[{"href":"https:\/\/linitiative.ca\/International\/wp-json\/wp\/v2\/types\/post"}],"author":[{"embeddable":true,"href":"https:\/\/linitiative.ca\/International\/wp-json\/wp\/v2\/users\/1787"}],"replies":[{"embeddable":true,"href":"https:\/\/linitiative.ca\/International\/wp-json\/wp\/v2\/comments?post=138439"}],"version-history":[{"count":0,"href":"https:\/\/linitiative.ca\/International\/wp-json\/wp\/v2\/posts\/138439\/revisions"}],"wp:attachment":[{"href":"https:\/\/linitiative.ca\/International\/wp-json\/wp\/v2\/media?parent=138439"}],"wp:term":[{"taxonomy":"category","embeddable":true,"href":"https:\/\/linitiative.ca\/International\/wp-json\/wp\/v2\/categories?post=138439"},{"taxonomy":"post_tag","embeddable":true,"href":"https:\/\/linitiative.ca\/International\/wp-json\/wp\/v2\/tags?post=138439"}],"curies":[{"name":"wp","href":"https:\/\/api.w.org\/{rel}","templated":true}]}}